{"id":3283,"date":"2017-10-30T13:38:47","date_gmt":"2017-10-30T15:38:47","guid":{"rendered":"https:\/\/hostnetart.com.br\/baixada\/funcef-poe-culpa-do-contencioso-nos-participantes\/"},"modified":"2017-10-30T13:38:47","modified_gmt":"2017-10-30T15:38:47","slug":"funcef-poe-culpa-do-contencioso-nos-participantes","status":"publish","type":"post","link":"https:\/\/hostnetart.com.br\/baixada\/funcef-poe-culpa-do-contencioso-nos-participantes\/","title":{"rendered":"Funcef p\u00f5e culpa do contencioso nos participantes"},"content":{"rendered":"<p><em><span style=\"text-decoration: underline;\">\u200bFunda\u00e7\u00e3o critica judicializa\u00e7\u00e3o e diz que reduziu custos jur\u00eddicos, quando gastos com consultorias na \u00e1rea cresceu 22% e o passivo previdencial s\u00f3 aumenta<\/span><\/em><\/p>\n<p>Na quinta-feira (26), a Funcef divulgou mat\u00e9ria sobre a atua\u00e7\u00e3o de seu departamento jur\u00eddico. No texto, a Funda\u00e7\u00e3o tenta colocar a culpa do contencioso nos trabalhadores que v\u00e3o \u00e0 Justi\u00e7a buscar seus direitos e se contradiz ao afirmar que reduziu custos quando os n\u00fameros oficiais mostram o contr\u00e1rio.<\/p>\n<p>A Funda\u00e7\u00e3o coloca como desafio mostrar que \u201ca judicializa\u00e7\u00e3o tem um pre\u00e7o alto para todos os participantes\u201d e que \u201cqualquer a\u00e7\u00e3o contra a Funcef tem os custos divididos nas despesas dos planos e interfere no deficit\u201d. Na pr\u00e1tica, o discurso institucional p\u00f5e o participante como o respons\u00e1vel pelo problema e isenta a patrocinadora. O que o jur\u00eddico n\u00e3o explica \u00e9 que a Funcef n\u00e3o instrui as a\u00e7\u00f5es e n\u00e3o demonstra ao juiz que, caso haja revis\u00e3o de benef\u00edcio, a reserva matem\u00e1tica sofrer\u00e1 impacto e precisar\u00e1 ser recomposta.<\/p>\n<p>\u201cEnquanto administradora dos planos, a Funcef precisa atuar tecnicamente, mas n\u00e3o \u00e9 o que acontece. O jur\u00eddico da Funcef, que \u00e9 ligado \u00e0 presid\u00eancia da funda\u00e7\u00e3o, ignora regras e premissas atuariais e n\u00e3o aciona a patrocinadora\u201d, afirma a diretora de Sa\u00fade e Previd\u00eancia da Fenae, Fabiana Matheus.<\/p>\n<p>Outro ponto que gerou estranhamento nos participantes foi a alega\u00e7\u00e3o de que o departamento jur\u00eddico ampliou a efici\u00eancia quando os n\u00fameros do contencioso apresentaram alta no primeiro semestre. O valor provisionado chegou a R$ 2,5 bilh\u00f5es em junho, uma diferen\u00e7a de 6,17% em compara\u00e7\u00e3o com o registrado no Balan\u00e7o Anual de 2016. Al\u00e9m disso, as a\u00e7\u00f5es judiciais classificadas como \u201cperda poss\u00edvel\u201d &#8211; com probabilidade de execu\u00e7\u00e3o avaliada pela Funda\u00e7\u00e3o em 50% &#8211; saltaram 20,4% na primeira metade do ano e j\u00e1 somam R$ 15,3 bilh\u00f5es, seis vezes mais que o provisionado.<\/p>\n<p>\u201cSabemos que a atua\u00e7\u00e3o do jur\u00eddico da Funcef contribui para o agravamento do problema. N\u00e3o h\u00e1 como falar de efici\u00eancia quando todas as despesas e o passivo contingencial s\u00f3 aumentaram\u201d, questiona Fabiana Matheus.<\/p>\n<p>A Fenae e outras entidades representativas dos trabalhadores est\u00e3o realizando a campanha Contencioso: essa d\u00edvida \u00e9 da Caixa como forma de pressionar o banco a assumir sua responsabilidade e arcar com esse passivo. Nas \u00faltimas semanas, a diretoria da Federa\u00e7\u00e3o esteve na Previc, na Caixa e na Funcef e entregou um relat\u00f3rio detalhado sobre a quest\u00e3o. Al\u00e9m disso, circula por todo o pa\u00eds um abaixo-assinado para referendar a demanda de que a Caixa pague essa d\u00edvida<\/p>\n<p>Assine o abaixo-assinado no Avaaz.<\/p>\n<p>Funcef se contradiz em rela\u00e7\u00e3o aos custos<br \/>Segundo a Funcef, uma das iniciativas de maior impacto na reformula\u00e7\u00e3o feita no departamento jur\u00eddico foi a padroniza\u00e7\u00e3o de contratos dos escrit\u00f3rios terceirizados, o que teria gerado economia de R$ 15 milh\u00f5es por ano. No entanto, na p\u00e1gina da Funcef na internet, os n\u00fameros atribu\u00eddos \u00e0 rubrica \u201cconsultoria jur\u00eddica\u201d mostram que de 2013 a 2015 foram gastos em m\u00e9dia R$ 11,5 milh\u00f5es ao ano, cifra que subiu para R$ 14,1 milh\u00f5es em 2016, uma alta de 22,6%.<\/p>\n<p>\u201cAs despesas com consultoria nessa \u00e1rea subiram consideravelmente no \u00faltimo ano. O impacto do contencioso n\u00e3o se d\u00e1 apenas pelo provisionamento de recursos, mas tamb\u00e9m pelos altos gastos com honor\u00e1rios\u201d, alerta a diretora da Fenae.<\/p>\n<p><strong>Fonte: Fenae<\/strong><\/p>\n","protected":false},"excerpt":{"rendered":"<p>\u200bFunda\u00e7\u00e3o critica judicializa\u00e7\u00e3o e diz que reduziu custos jur\u00eddicos, quando gastos com consultorias na \u00e1rea cresceu 22% e o passivo previdencial s\u00f3 aumenta Na quinta-feira (26), a Funcef divulgou mat\u00e9ria sobre a atua\u00e7\u00e3o de seu departamento jur\u00eddico. No texto, a Funda\u00e7\u00e3o tenta colocar a culpa do contencioso nos trabalhadores que v\u00e3o \u00e0 Justi\u00e7a buscar seus [&hellip;]<\/p>\n","protected":false},"author":2,"featured_media":3282,"comment_status":"","ping_status":"","sticky":false,"template":"","format":"standard","meta":{"footnotes":""},"categories":[3],"tags":[],"class_list":["post-3283","post","type-post","status-publish","format-standard","has-post-thumbnail","hentry","category-noticias"],"_links":{"self":[{"href":"https:\/\/hostnetart.com.br\/baixada\/wp-json\/wp\/v2\/posts\/3283","targetHints":{"allow":["GET"]}}],"collection":[{"href":"https:\/\/hostnetart.com.br\/baixada\/wp-json\/wp\/v2\/posts"}],"about":[{"href":"https:\/\/hostnetart.com.br\/baixada\/wp-json\/wp\/v2\/types\/post"}],"author":[{"embeddable":true,"href":"https:\/\/hostnetart.com.br\/baixada\/wp-json\/wp\/v2\/users\/2"}],"replies":[{"embeddable":true,"href":"https:\/\/hostnetart.com.br\/baixada\/wp-json\/wp\/v2\/comments?post=3283"}],"version-history":[{"count":0,"href":"https:\/\/hostnetart.com.br\/baixada\/wp-json\/wp\/v2\/posts\/3283\/revisions"}],"wp:featuredmedia":[{"embeddable":true,"href":"https:\/\/hostnetart.com.br\/baixada\/wp-json\/wp\/v2\/media\/3282"}],"wp:attachment":[{"href":"https:\/\/hostnetart.com.br\/baixada\/wp-json\/wp\/v2\/media?parent=3283"}],"wp:term":[{"taxonomy":"category","embeddable":true,"href":"https:\/\/hostnetart.com.br\/baixada\/wp-json\/wp\/v2\/categories?post=3283"},{"taxonomy":"post_tag","embeddable":true,"href":"https:\/\/hostnetart.com.br\/baixada\/wp-json\/wp\/v2\/tags?post=3283"}],"curies":[{"name":"wp","href":"https:\/\/api.w.org\/{rel}","templated":true}]}}