{"id":3277,"date":"2017-10-27T13:32:53","date_gmt":"2017-10-27T15:32:53","guid":{"rendered":"https:\/\/hostnetart.com.br\/baixada\/demitida-quando-estava-em-licenca-para-tratar-da-saude-bancaria-do-santander-consegue-reintegracao-ao-emprego\/"},"modified":"2017-10-27T13:32:53","modified_gmt":"2017-10-27T15:32:53","slug":"demitida-quando-estava-em-licenca-para-tratar-da-saude-bancaria-do-santander-consegue-reintegracao-ao-emprego","status":"publish","type":"post","link":"https:\/\/hostnetart.com.br\/baixada\/demitida-quando-estava-em-licenca-para-tratar-da-saude-bancaria-do-santander-consegue-reintegracao-ao-emprego\/","title":{"rendered":"Demitida quando estava em licen\u00e7a para tratar da sa\u00fade, banc\u00e1ria do Santander consegue reintegra\u00e7\u00e3o ao emprego"},"content":{"rendered":"<div class=\"content\">\n<p>Uma banc\u00e1ria do Santander, demitida no dia 10 de outubro &#8211; mesmo estando de licen\u00e7a para tratamento de doen\u00e7a ocupacional &#8211; conseguiu, por meio de a\u00e7\u00e3o do Sindicato dos Banc\u00e1rios e Trabalhadores do Ramo Financeiro de Rond\u00f4nia (SEEB-RO), tutela antecipada determinando que o banco a reintegre no prazo de cinco dias, em fun\u00e7\u00e3o compat\u00edvel com sua condi\u00e7\u00e3o m\u00e9dica, mesmo sal\u00e1rio e demais condi\u00e7\u00f5es contratuais vigentes antes da demiss\u00e3o, a evolu\u00e7\u00e3o e reajustes salariais, sob pena de multa di\u00e1ria de R$ 5 mil at\u00e9 o efetivo cumprimento da obriga\u00e7\u00e3o, a ser revertida em proveito da pr\u00f3pria banc\u00e1ria.<\/p>\n<p>A banc\u00e1ria foi demitida t\u00e3o logo retornou da licen\u00e7a m\u00e9dica, mas o Santander n\u00e3o poderia t\u00ea-la dispensado pois, conforme expresso em Conven\u00e7\u00e3o Coletiva do Trabalho e na pr\u00f3pria CLT (Consolida\u00e7\u00e3o das Leis do Trabalho), o empregado que gozar do aux\u00edlio-doen\u00e7a (B-31) tem estabilidade no emprego garantida de 90 dias ap\u00f3s seu retorno ao trabalho.<\/p>\n<p>Para agravar ainda mais a arbitr\u00e1ria a\u00e7\u00e3o do banco espanhol, a trabalhadora foi demitida ilegalmente mesmo estando com um atestado m\u00e9dico com validade at\u00e9 o dia 7 de novembro. &#8220;\u00c9 mais uma vit\u00f3ria para a categoria, pois estamos no pa\u00eds onde o banco espanhol tem seu maior lucro a n\u00edvel global e, em vez de contratar mais funcion\u00e1rios, promove uma onda incessante de demiss\u00f5es, muitas delas ilegais como esta. N\u00e3o podemos deixar de lutar pela valoriza\u00e7\u00e3o dos banc\u00e1rios e vamos estar promovendo continuamente os atos de protesto em frente \u00e0s ag\u00eancias toda vez que o Santander demitir um funcion\u00e1rio de forma injusta e desumana&#8221;, avaliou Clemilson Farias, diretor de Imprensa do Sindicato e funcion\u00e1rio do Santander.<\/p>\n<p>A a\u00e7\u00e3o foi conduzida pelo advogado Castiel Ferreira de Paula, do Escrit\u00f3rio Fonseca &amp; Assis Advogados Associados, que presta assessoria jur\u00eddica ao Sindicato dos Banc\u00e1rios.<\/p>\n<\/div>\n<p id=\"page-author\"><strong>Fonte: Seeb RO<\/strong><\/p>\n","protected":false},"excerpt":{"rendered":"<p>Uma banc\u00e1ria do Santander, demitida no dia 10 de outubro &#8211; mesmo estando de licen\u00e7a para tratamento de doen\u00e7a ocupacional &#8211; conseguiu, por meio de a\u00e7\u00e3o do Sindicato dos Banc\u00e1rios e Trabalhadores do Ramo Financeiro de Rond\u00f4nia (SEEB-RO), tutela antecipada determinando que o banco a reintegre no prazo de cinco dias, em fun\u00e7\u00e3o compat\u00edvel com [&hellip;]<\/p>\n","protected":false},"author":2,"featured_media":3276,"comment_status":"","ping_status":"","sticky":false,"template":"","format":"standard","meta":{"footnotes":""},"categories":[3],"tags":[],"class_list":["post-3277","post","type-post","status-publish","format-standard","has-post-thumbnail","hentry","category-noticias"],"_links":{"self":[{"href":"https:\/\/hostnetart.com.br\/baixada\/wp-json\/wp\/v2\/posts\/3277","targetHints":{"allow":["GET"]}}],"collection":[{"href":"https:\/\/hostnetart.com.br\/baixada\/wp-json\/wp\/v2\/posts"}],"about":[{"href":"https:\/\/hostnetart.com.br\/baixada\/wp-json\/wp\/v2\/types\/post"}],"author":[{"embeddable":true,"href":"https:\/\/hostnetart.com.br\/baixada\/wp-json\/wp\/v2\/users\/2"}],"replies":[{"embeddable":true,"href":"https:\/\/hostnetart.com.br\/baixada\/wp-json\/wp\/v2\/comments?post=3277"}],"version-history":[{"count":0,"href":"https:\/\/hostnetart.com.br\/baixada\/wp-json\/wp\/v2\/posts\/3277\/revisions"}],"wp:featuredmedia":[{"embeddable":true,"href":"https:\/\/hostnetart.com.br\/baixada\/wp-json\/wp\/v2\/media\/3276"}],"wp:attachment":[{"href":"https:\/\/hostnetart.com.br\/baixada\/wp-json\/wp\/v2\/media?parent=3277"}],"wp:term":[{"taxonomy":"category","embeddable":true,"href":"https:\/\/hostnetart.com.br\/baixada\/wp-json\/wp\/v2\/categories?post=3277"},{"taxonomy":"post_tag","embeddable":true,"href":"https:\/\/hostnetart.com.br\/baixada\/wp-json\/wp\/v2\/tags?post=3277"}],"curies":[{"name":"wp","href":"https:\/\/api.w.org\/{rel}","templated":true}]}}