{"id":3271,"date":"2017-10-26T15:17:08","date_gmt":"2017-10-26T17:17:08","guid":{"rendered":"https:\/\/hostnetart.com.br\/baixada\/caixa-abertura-de-capital-afeta-politicas-publicas-e-afronta-congresso\/"},"modified":"2017-10-26T15:17:08","modified_gmt":"2017-10-26T17:17:08","slug":"caixa-abertura-de-capital-afeta-politicas-publicas-e-afronta-congresso","status":"publish","type":"post","link":"https:\/\/hostnetart.com.br\/baixada\/caixa-abertura-de-capital-afeta-politicas-publicas-e-afronta-congresso\/","title":{"rendered":"Caixa: abertura de capital afeta pol\u00edticas p\u00fablicas e afronta Congresso"},"content":{"rendered":"<p>A abertura de capital da Caixa Econ\u00f4mica Federal, proposta que est\u00e1 sendo abertamente discutida pelo banco, tem impedimentos jur\u00eddicos e pol\u00edticos, al\u00e9m de representar uma descaracteriza\u00e7\u00e3o das finalidades da institui\u00e7\u00e3o, observa a representante dos trabalhadores no Conselho de Administra\u00e7\u00e3o, Maria Rita Serrano. &#8220;Do ponto de vista da governan\u00e7a, a Caixa j\u00e1 est\u00e1 adequada. Esse argumento \u00e9 uma fal\u00e1cia&#8221;, diz Rita, que tamb\u00e9m coordena o Comit\u00ea Nacional em Defesa das Empresas P\u00fablicas.<\/p>\n<p>Ela recorda do movimento amplo no ano passado, no Congresso, contra o Projeto de Lei 555, o chamado &#8220;estatuto das estatais&#8221;, que virou lei (13.303, sancionada em junho de 2016), mas com exclus\u00e3o de alguns itens importantes, como aquele que previa transforma\u00e7\u00e3o de todas as empresas em sociedades an\u00f4nimas. A lei dava prazo de dois anos para que todas adequassem seus estatutos, e recentemente a presidenta do Conselho de Administra\u00e7\u00e3o da Caixa, Ana Paula Vescovi, apresentou uma proposta &#8220;ressuscitando&#8221;, como observa Rita, a quest\u00e3o sobre abertura de capital, n\u00e3o prevista na lei, que por outras &#8220;discrep\u00e2ncias&#8221; \u00e9 objeto de uma A\u00e7\u00e3o Direta de Inconstitucionalidade (ADI), a 5.624, a pedido da Confedera\u00e7\u00e3o Nacional dos Trabalhadores do Ramo Financeiro (Contraf-CUT) e da Federa\u00e7\u00e3o Nacional das Associa\u00e7\u00f5es do Pessoal da Caixa (Fenae). O relator \u00e9 o ministro Ricardo Lewandowski.<\/p>\n<p>Al\u00e9m de a lei n\u00e3o exigir, observa a representante dos trabalhadores, uma mudan\u00e7a dessa natureza teria de passar pelo Congresso, por uma quest\u00e3o n\u00e3o s\u00f3 jur\u00eddica, mas pol\u00edtica, j\u00e1 que o Parlamento decidiu pela exclus\u00e3o desse tema que o Conselho de Administra\u00e7\u00e3o quer discutir, provavelmente no m\u00eas que vem. &#8220;Logicamente, essa posi\u00e7\u00e3o do Executivo contraria a do Legislativo&#8221;, diz Rita, que tamb\u00e9m refuta a argumenta\u00e7\u00e3o repetida pelo governo sobre governan\u00e7a. &#8220;Os bancos s\u00e3o extremamente controlados.&#8221;<\/p>\n<p>Ela ressalta o car\u00e1ter estrat\u00e9gico do banco. &#8220;A Caixa s\u00f3 \u00e9 a maior operadora de programas sociais do governo porque \u00e9 p\u00fablica. Obviamente, ela tem de ter lucro, mas esse resultado tem de ser revertido no desenvolvimento do pa\u00eds&#8221;, pondera. &#8220;O compromisso do Temer \u00e9 com o capital privado. O que ele e o (Henrique) Meirelles, o ministro-candidato, fazem, \u00e9 favorecer o mercado.&#8221;<\/p>\n<p>A abertura de capital implicaria em mudan\u00e7a imediata do perfil do banco, observa Rita. &#8220;Voc\u00ea vai ter outros atores dentro da empresa disputando somente os resultados, o lucro. A partir do momento que voc\u00ea tiver uma vis\u00e3o p\u00fablica e uma vis\u00e3o privada partilhadas, o contexto ser\u00e1 outro. J\u00e1 temos bancos privados suficientes. Temos de discutir tamb\u00e9m por que os bancos privados n\u00e3o investem no pa\u00eds&#8221;, argumenta.<\/p>\n<p><strong><em>Tamanho menor<\/em><\/strong><br \/>A dire\u00e7\u00e3o da Caixa j\u00e1 tem feito a\u00e7\u00f5es para reduzir o tamanho do banco. A m\u00e3o de obra vem diminuindo. Fechou 2015, por exemplo, com aproximadamente 97.500 empregados, e no segundo semestre deste ano, segundo relat\u00f3rio do banco, estava com 90.200.<\/p>\n<p>Os trabalhadores t\u00eam feito diversas manifesta\u00e7\u00f5es e atividades para chamar a aten\u00e7\u00e3o do processo de &#8220;desmonte&#8221; da Caixa e dos bancos p\u00fablicos. No pr\u00f3ximo dia 7, por exemplo, haver\u00e1 audi\u00eancia p\u00fablica na Assembleia Legislativa de S\u00e3o Paulo.<\/p>\n<p>Nesta segunda-feira (23), a partir das 10h, ser\u00e1 realizado um ato no Jardim Camargo Novo, zona leste de S\u00e3o Paulo. Segundo o Sindicato dos Banc\u00e1rios, \u00e9 a \u00fanica ag\u00eancia naquele bairro, e com previs\u00e3o de fechar ainda este ano. &#8220;Faremos um ato em frente a uma das 100 ag\u00eancias previstas para fechar ainda este ano somente no munic\u00edpio de S\u00e3o Paulo. O desmonte dos bancos p\u00fablicos j\u00e1 \u00e9 uma realidade&#8221;, diz a presidenta do sindicato, Ivone Silva.<\/p>\n<p>&#8220;No pa\u00eds, em um ano, o Banco do Brasil fechou mais de 10 mil postos de trabalho, o que representa aumento de 269% em rela\u00e7\u00e3o ao mesmo per\u00edodo do ano anterior. A Caixa reduziu em 5.486 o n\u00famero de postos de trabalho no mesmo per\u00edodo, com aumento de 145% em rela\u00e7\u00e3o ao ano passado. O governo quer tornar a Caixa uma empresa S\/A e depois abrir o capital do banco, com a consequ\u00eancia imediata de perda do papel de gestor dos mais importantes programas sociais do Pa\u00eds.&#8221;<\/p>\n<p>De acordo com Dion\u00edsio Reis, diretor do sindicato e funcion\u00e1rio da Caixa, apenas a ag\u00eancia do Jardim Camargo realizou neste m\u00eas R$ 30,6 milh\u00f5es em opera\u00e7\u00f5es de cr\u00e9dito. &#8220;No cr\u00e9dito habitacional foram investidos R$ 23,4 milh\u00f5es e na poupan\u00e7a R$ 16,6 milh\u00f5es, uma amostra da import\u00e2ncia de um banco p\u00fablico para o desenvolvimento do pa\u00eds.&#8221;<\/p>\n<p>Em 2016, o saldo da carteira de cr\u00e9dito da Caixa somou R$ 709,3 bilh\u00f5es, crescimento de 4,4%. Na execu\u00e7\u00e3o dos programas governamentais, foram pagos R$ 28,3 bilh\u00f5es em benef\u00edcios sociais e R$ 242,1 bilh\u00f5es em benef\u00edcios aos trabalhadores. Os dados s\u00e3o do relat\u00f3rio de administra\u00e7\u00e3o. O principal programa de transfer\u00eancia de renda, o Bolsa Fam\u00edlia, pagou R$ 27,4 bilh\u00f5es.<\/p>\n<p>Apenas a carteira de cr\u00e9dito imobili\u00e1rio cresceu 5,6%, somando R$ 406,1 bilh\u00f5es, sendo R$ 203,4 bilh\u00f5es com recursos do FGTS. A Caixa lidera esse mercado com 67% de participa\u00e7\u00e3o.<\/p>\n<p>&#8220;A Caixa \u00e9 um banco extremamente importante, centen\u00e1rio, e tem uma fun\u00e7\u00e3o nobre na sociedade&#8221;, diz Rita Serrano, funcion\u00e1ria desde 1989. Uma mudan\u00e7a como a pretendida pelo governo, acrescenta, n\u00e3o pode ser limitada a sete pessoas \u2013 n\u00famero de integrantes do Conselho de Administra\u00e7\u00e3o.<\/p>\n<p>\u00a0<\/p>\n<p><strong>Fonte: Rede Brasil Atual<\/strong><\/p>\n","protected":false},"excerpt":{"rendered":"<p>A abertura de capital da Caixa Econ\u00f4mica Federal, proposta que est\u00e1 sendo abertamente discutida pelo banco, tem impedimentos jur\u00eddicos e pol\u00edticos, al\u00e9m de representar uma descaracteriza\u00e7\u00e3o das finalidades da institui\u00e7\u00e3o, observa a representante dos trabalhadores no Conselho de Administra\u00e7\u00e3o, Maria Rita Serrano. &#8220;Do ponto de vista da governan\u00e7a, a Caixa j\u00e1 est\u00e1 adequada. Esse argumento [&hellip;]<\/p>\n","protected":false},"author":2,"featured_media":3270,"comment_status":"","ping_status":"","sticky":false,"template":"","format":"standard","meta":{"footnotes":""},"categories":[3],"tags":[],"class_list":["post-3271","post","type-post","status-publish","format-standard","has-post-thumbnail","hentry","category-noticias"],"_links":{"self":[{"href":"https:\/\/hostnetart.com.br\/baixada\/wp-json\/wp\/v2\/posts\/3271","targetHints":{"allow":["GET"]}}],"collection":[{"href":"https:\/\/hostnetart.com.br\/baixada\/wp-json\/wp\/v2\/posts"}],"about":[{"href":"https:\/\/hostnetart.com.br\/baixada\/wp-json\/wp\/v2\/types\/post"}],"author":[{"embeddable":true,"href":"https:\/\/hostnetart.com.br\/baixada\/wp-json\/wp\/v2\/users\/2"}],"replies":[{"embeddable":true,"href":"https:\/\/hostnetart.com.br\/baixada\/wp-json\/wp\/v2\/comments?post=3271"}],"version-history":[{"count":0,"href":"https:\/\/hostnetart.com.br\/baixada\/wp-json\/wp\/v2\/posts\/3271\/revisions"}],"wp:featuredmedia":[{"embeddable":true,"href":"https:\/\/hostnetart.com.br\/baixada\/wp-json\/wp\/v2\/media\/3270"}],"wp:attachment":[{"href":"https:\/\/hostnetart.com.br\/baixada\/wp-json\/wp\/v2\/media?parent=3271"}],"wp:term":[{"taxonomy":"category","embeddable":true,"href":"https:\/\/hostnetart.com.br\/baixada\/wp-json\/wp\/v2\/categories?post=3271"},{"taxonomy":"post_tag","embeddable":true,"href":"https:\/\/hostnetart.com.br\/baixada\/wp-json\/wp\/v2\/tags?post=3271"}],"curies":[{"name":"wp","href":"https:\/\/api.w.org\/{rel}","templated":true}]}}