{"id":3269,"date":"2017-10-26T15:00:36","date_gmt":"2017-10-26T17:00:36","guid":{"rendered":"https:\/\/hostnetart.com.br\/baixada\/pais-perdeu-2-milhoes-de-empregos-em-2016-e-r-290-bilhoes-de-salarios\/"},"modified":"2017-10-26T15:00:36","modified_gmt":"2017-10-26T17:00:36","slug":"pais-perdeu-2-milhoes-de-empregos-em-2016-e-r-290-bilhoes-de-salarios","status":"publish","type":"post","link":"https:\/\/hostnetart.com.br\/baixada\/pais-perdeu-2-milhoes-de-empregos-em-2016-e-r-290-bilhoes-de-salarios\/","title":{"rendered":"Pa\u00eds perdeu 2 milh\u00f5es de empregos em 2016. E R$ 290 bilh\u00f5es de sal\u00e1rios"},"content":{"rendered":"<p>O pa\u00eds perdeu 2,001 milh\u00f5es de empregos formais em 2016, de acordo com a Rela\u00e7\u00e3o Anual de Informa\u00e7\u00f5es Sociais (Rais), divulgada nesta sexta-feira (20) pelo Minist\u00e9rio do Trabalho. O n\u00famero de postos de trabalho \u2013 que inclui carteira assinada e estatut\u00e1rios \u2013 caiu para 46,060 milh\u00f5es (-4,16%), com quedas maiores entre jovens e pessoas com menos escolaridade. Embora a remunera\u00e7\u00e3o m\u00e9dia tenha crescido 0,8% em termos reais (descontada a infla\u00e7\u00e3o), a perda de vagas fez a massa salarial recuar para R$ 1,332 trilh\u00e3o \u2013 menos R$ 290 bilh\u00f5es no ano.<\/p>\n<p>Entre os setores de atividade, a queda foi maior na constru\u00e7\u00e3o civil, que caiu 18,05% \u2013 437.260 empregos a menos em rela\u00e7\u00e3o a 2015. O com\u00e9rcio varejista perdeu 249.238 (-3,15%) e a administra\u00e7\u00e3o p\u00fablica, 372.835 (-4,05%). Os diversos setores da ind\u00fastria tamb\u00e9m perderam postos de trabalho. Percentualmente, a maior retra\u00e7\u00e3o foi no segmento de material de transporte, que inclui as montadoras de ve\u00edculos: -11,75%, com fechamento de 60.404 vagas.<\/p>\n<p>De acordo com a Rais, o Brasil fechou 2016 com 8,206 milh\u00f5es de estabelecimentos, 108 mil a menos (-1,3%) do que no ano anterior. As maiores quedas foram registradas em estabelecimentos de m\u00e9dio ou grande porte: o total com 250 a 499 empregados caiu 5,3%. Entre aqueles com 500 a 999, a retra\u00e7\u00e3o foi de 6,5%, e nos estabelecimentos com mil ou mais, de 6,3% (menos 635 mil). Nesse \u00faltimo concentram-se quase 12 milh\u00f5es de trabalhadores.<\/p>\n<p>O setor de servi\u00e7os concentra 36% dos empregos no pa\u00eds, seguido do com\u00e9rcio, com 20%. A administra\u00e7\u00e3o p\u00fablica representa 19% e a ind\u00fastria de transforma\u00e7\u00e3o, 16%.<\/p>\n<p>No recorte por g\u00eanero, os homens s\u00e3o 56% do mercado de trabalho formal, com aproximadamente 25,8 milh\u00f5es. As mulheres somam 20,3 milh\u00f5es (44%). A queda foi maior entre os trabalhadores do sexo masculino: -4,16%, ante -3,51% do feminino. Em um per\u00edodo mais amplo, de 2010 a 2016, quando o emprego formal se expandiu 4,52%, a presen\u00e7a das mulheres aumentou 10,63%, enquanto os homens mantiveram estabilidade (0,17%).<\/p>\n<p>A faixa mais presente \u00e9 de 30 a 39 anos, que representou 30,9% do total do ano passado. Em seguida, v\u00eam a faixa de 40 a 49 anos, com 22,2% e a de 50 a 64, com 16,5%. Trabalhadores de 18 a 24 anos eram 14%. Quem perdeu mais postos de trabalho em 2016 foram as faixas de pessoas mais jovens: -21,46% at\u00e9 17 anos e 9,59% de 18 a 24 anos. Na mais numerosa (30 a 39), a retra\u00e7\u00e3o foi de 3,07%.<\/p>\n<p>Mais da metade dos ocupados (54,2%) eram trabalhadores com ensino m\u00e9dio completo ou incompleto. Aqueles com ensino superior (tamb\u00e9m completo ou incompleto) eram 25,3% do total. A maior perda de vagas em 2016 concentrou nos menos escolarizados: queda de 11,52% entre analfabetos ou com fundamental incompleto e de 8,6% entre aqueles com ensino fundamental completo. No ensino m\u00e9dio, a redu\u00e7\u00e3o foi de 3,89%. A Rais mostrou ligeira alta entre aqueles com ensino superior (0,66%).<\/p>\n<p>Os empregados que se declararam brancos eram 19,5 milh\u00f5es, ou 42,3% do total. Os identificados como pardos somavam 12,3 milh\u00f5es (26,6%). Os pretos eram 1,9 milh\u00e3o (4,2%) e os ind\u00edgenas, 274,4 mil (0,6%). Pouco mais de 12 milh\u00f5es (26,2%) n\u00e3o tiveram identifica\u00e7\u00e3o de ra\u00e7a\/etnia.<\/p>\n<p>A remunera\u00e7\u00e3o m\u00e9dia foi calculada em R$ 2.852,62, variando de R$ 2.297,98 (regi\u00e3o Nordeste) a R$ 3.418,35 (Centro-Oeste). Chegou a R$ 3.010,74 no Sudeste, R$ 2.763,67 no Sul e R$ 2.639,50 no Norte. A m\u00e9dia masculina foi de R$ 3.063,33 e a feminina, de R$ 2.585,44.<\/p>\n<p>\u00a0<\/p>\n<p><strong>Fonte: Rede Brasil Atual<\/strong><\/p>\n","protected":false},"excerpt":{"rendered":"<p>O pa\u00eds perdeu 2,001 milh\u00f5es de empregos formais em 2016, de acordo com a Rela\u00e7\u00e3o Anual de Informa\u00e7\u00f5es Sociais (Rais), divulgada nesta sexta-feira (20) pelo Minist\u00e9rio do Trabalho. O n\u00famero de postos de trabalho \u2013 que inclui carteira assinada e estatut\u00e1rios \u2013 caiu para 46,060 milh\u00f5es (-4,16%), com quedas maiores entre jovens e pessoas com [&hellip;]<\/p>\n","protected":false},"author":2,"featured_media":3268,"comment_status":"","ping_status":"","sticky":false,"template":"","format":"standard","meta":{"footnotes":""},"categories":[3],"tags":[],"class_list":["post-3269","post","type-post","status-publish","format-standard","has-post-thumbnail","hentry","category-noticias"],"_links":{"self":[{"href":"https:\/\/hostnetart.com.br\/baixada\/wp-json\/wp\/v2\/posts\/3269","targetHints":{"allow":["GET"]}}],"collection":[{"href":"https:\/\/hostnetart.com.br\/baixada\/wp-json\/wp\/v2\/posts"}],"about":[{"href":"https:\/\/hostnetart.com.br\/baixada\/wp-json\/wp\/v2\/types\/post"}],"author":[{"embeddable":true,"href":"https:\/\/hostnetart.com.br\/baixada\/wp-json\/wp\/v2\/users\/2"}],"replies":[{"embeddable":true,"href":"https:\/\/hostnetart.com.br\/baixada\/wp-json\/wp\/v2\/comments?post=3269"}],"version-history":[{"count":0,"href":"https:\/\/hostnetart.com.br\/baixada\/wp-json\/wp\/v2\/posts\/3269\/revisions"}],"wp:featuredmedia":[{"embeddable":true,"href":"https:\/\/hostnetart.com.br\/baixada\/wp-json\/wp\/v2\/media\/3268"}],"wp:attachment":[{"href":"https:\/\/hostnetart.com.br\/baixada\/wp-json\/wp\/v2\/media?parent=3269"}],"wp:term":[{"taxonomy":"category","embeddable":true,"href":"https:\/\/hostnetart.com.br\/baixada\/wp-json\/wp\/v2\/categories?post=3269"},{"taxonomy":"post_tag","embeddable":true,"href":"https:\/\/hostnetart.com.br\/baixada\/wp-json\/wp\/v2\/tags?post=3269"}],"curies":[{"name":"wp","href":"https:\/\/api.w.org\/{rel}","templated":true}]}}