{"id":3267,"date":"2017-10-26T14:59:28","date_gmt":"2017-10-26T16:59:28","guid":{"rendered":"https:\/\/hostnetart.com.br\/baixada\/mesa-de-negociacao-permanente-com-a-caixa-sera-nesta-quinta\/"},"modified":"2017-10-26T14:59:28","modified_gmt":"2017-10-26T16:59:28","slug":"mesa-de-negociacao-permanente-com-a-caixa-sera-nesta-quinta","status":"publish","type":"post","link":"https:\/\/hostnetart.com.br\/baixada\/mesa-de-negociacao-permanente-com-a-caixa-sera-nesta-quinta\/","title":{"rendered":"Mesa de negocia\u00e7\u00e3o permanente com a Caixa ser\u00e1 nesta quinta"},"content":{"rendered":"<p>A Confedera\u00e7\u00e3o Nacional dos Trabalhadores do Ramo Financeiro (Contraf-CUT), assessorada pela Comiss\u00e3o Executiva dos Empregados da Caixa (CEE\/Caixa), retoma nesta quinta-feira (26) a mesa de negocia\u00e7\u00e3o permanente com o banco p\u00fablico. Em pauta, est\u00e3o reivindica\u00e7\u00f5es como a revers\u00e3o dos descontos e reflexos na carreira dos empregados que aderiram \u00e0 paralisa\u00e7\u00e3o de 15 de mar\u00e7o e as greves gerais dos dias 28 de abril e 30 de junho; e o n\u00e3o fechamento de ag\u00eancias, em especial as que atendem a popula\u00e7\u00e3o mais pobre, localizadas nas periferias, onde bancos privados n\u00e3o tem o interesse de atuar.<\/p>\n<p>\u201cVamos para mesa permanente de negocia\u00e7\u00e3o defender os empregados e a Caixa 100% p\u00fablica. Sobre os descontos e reflexos na carreira dos banc\u00e1rios que aderiram \u00e0 paralisa\u00e7\u00e3o e as greves gerais, a dire\u00e7\u00e3o do banco j\u00e1 disse mais de uma vez ter disposi\u00e7\u00e3o para negociar. Mas que disposi\u00e7\u00e3o \u00e9 essa? Os empregados continuam com faltas injustificadas, descontos e reflexos na carreira\u201d, enfatiza o diretor da Fenae e coordenador da CEE\/Caixa, Dion\u00edsio Reis.<\/p>\n<p><strong><em>Contrata\u00e7\u00e3o<\/em><\/strong><br \/>A CEE\/Caixa voltar\u00e1 a reivindicar a contrata\u00e7\u00e3o de mais empregados e cobrar posicionamento da empresa sobre fechamento de ag\u00eancias. \u201cQueremos condi\u00e7\u00f5es dignas de trabalho, a fim de cumprirmos a miss\u00e3o que a Caixa vem se impondo ao longo de 146 anos de sua exist\u00eancia: de ser o principal banco social do governo federal\u201d, diz Dion\u00edsio Reis.<\/p>\n<p>Ser\u00e3o debatidos ainda outros pontos como dispensas de fun\u00e7\u00e3o efetuadas com o c\u00f3digo 952 e o c\u00f3digo 008 \u2013 RH 184, condi\u00e7\u00f5es de trabalho supervisor de canais (gerentes de canais), regulariza\u00e7\u00e3o do contencioso FUNCEF, retirada de restri\u00e7\u00e3o de \u00e1reas para inscri\u00e7\u00e3o e concorr\u00eancia em processos seletivos internos, promo\u00e7\u00e3o por m\u00e9rito \u2013 exclus\u00e3o das altera\u00e7\u00f5es efetuadas no normativo interno, especificamente, restri\u00e7\u00e3o de tr\u00eas aus\u00eancias, restabelecimento do Vale Cultura, e atendimento do Sa\u00fade Caixa.<\/p>\n<p><strong><em>Revers\u00e3o do retrocesso trabalhista<\/em><\/strong><br \/>Tamb\u00e9m na mesa de negocia\u00e7\u00e3o permanente de quinta 26, a CEE\/Caixa entregar\u00e1 \u00e0 dire\u00e7\u00e3o do banco proposta de Termo de Compromisso para resguardar os direitos dos empregados, previstos na Conven\u00e7\u00e3o Coletiva de Trabalho e Acordo Aditivo da Caixa, diante da reforma trabalhista de Temer que come\u00e7a a valer em 11 de novembro.<\/p>\n<p>\u201cOs empregados da Caixa, com o acordo de 2 anos, fruto da Campanha Nacional 2016, t\u00eam direitos resguardados at\u00e9 31 de agosto de 2018. N\u00e3o aceitaremos desrespeito e queremos deixar isso ainda mais acertado no termo de compromisso\u201d, destaca Dion\u00edsio, ressaltando amea\u00e7as como o trabalho tempor\u00e1rio, o intermitente, a contrata\u00e7\u00e3o de aut\u00f4nomos (PJ) e terceirizados, a responsabiliza\u00e7\u00e3o dos empregados em caso de teletrabalho, o risco de perda de direitos diante do enfraquecimento da rela\u00e7\u00e3o com os sindicatos.<\/p>\n<p><strong><em>Preparat\u00f3ria<\/em><\/strong><br \/>A Comiss\u00e3o Executiva dos Empregados, que \u00e9 formada por representantes de sindicatos e federa\u00e7\u00f5es, realiza reuni\u00e3o preparat\u00f3ria nesta quarta-feira, a partir das 14h, na sede da Fenae, em Bras\u00edlia.<\/p>\n<p><strong>Fonte: Fenae<\/strong><\/p>\n","protected":false},"excerpt":{"rendered":"<p>A Confedera\u00e7\u00e3o Nacional dos Trabalhadores do Ramo Financeiro (Contraf-CUT), assessorada pela Comiss\u00e3o Executiva dos Empregados da Caixa (CEE\/Caixa), retoma nesta quinta-feira (26) a mesa de negocia\u00e7\u00e3o permanente com o banco p\u00fablico. Em pauta, est\u00e3o reivindica\u00e7\u00f5es como a revers\u00e3o dos descontos e reflexos na carreira dos empregados que aderiram \u00e0 paralisa\u00e7\u00e3o de 15 de mar\u00e7o e [&hellip;]<\/p>\n","protected":false},"author":2,"featured_media":3266,"comment_status":"","ping_status":"","sticky":false,"template":"","format":"standard","meta":{"footnotes":""},"categories":[3],"tags":[],"class_list":["post-3267","post","type-post","status-publish","format-standard","has-post-thumbnail","hentry","category-noticias"],"_links":{"self":[{"href":"https:\/\/hostnetart.com.br\/baixada\/wp-json\/wp\/v2\/posts\/3267","targetHints":{"allow":["GET"]}}],"collection":[{"href":"https:\/\/hostnetart.com.br\/baixada\/wp-json\/wp\/v2\/posts"}],"about":[{"href":"https:\/\/hostnetart.com.br\/baixada\/wp-json\/wp\/v2\/types\/post"}],"author":[{"embeddable":true,"href":"https:\/\/hostnetart.com.br\/baixada\/wp-json\/wp\/v2\/users\/2"}],"replies":[{"embeddable":true,"href":"https:\/\/hostnetart.com.br\/baixada\/wp-json\/wp\/v2\/comments?post=3267"}],"version-history":[{"count":0,"href":"https:\/\/hostnetart.com.br\/baixada\/wp-json\/wp\/v2\/posts\/3267\/revisions"}],"wp:featuredmedia":[{"embeddable":true,"href":"https:\/\/hostnetart.com.br\/baixada\/wp-json\/wp\/v2\/media\/3266"}],"wp:attachment":[{"href":"https:\/\/hostnetart.com.br\/baixada\/wp-json\/wp\/v2\/media?parent=3267"}],"wp:term":[{"taxonomy":"category","embeddable":true,"href":"https:\/\/hostnetart.com.br\/baixada\/wp-json\/wp\/v2\/categories?post=3267"},{"taxonomy":"post_tag","embeddable":true,"href":"https:\/\/hostnetart.com.br\/baixada\/wp-json\/wp\/v2\/tags?post=3267"}],"curies":[{"name":"wp","href":"https:\/\/api.w.org\/{rel}","templated":true}]}}