{"id":3265,"date":"2017-10-26T14:58:10","date_gmt":"2017-10-26T16:58:10","guid":{"rendered":"https:\/\/hostnetart.com.br\/baixada\/contencioso-nao-contabilizado-ja-e-seis-vezes-maior-que-o-provisionado-pela-funcef\/"},"modified":"2017-10-26T14:58:10","modified_gmt":"2017-10-26T16:58:10","slug":"contencioso-nao-contabilizado-ja-e-seis-vezes-maior-que-o-provisionado-pela-funcef","status":"publish","type":"post","link":"https:\/\/hostnetart.com.br\/baixada\/contencioso-nao-contabilizado-ja-e-seis-vezes-maior-que-o-provisionado-pela-funcef\/","title":{"rendered":"Contencioso n\u00e3o contabilizado j\u00e1 \u00e9 seis vezes maior que o provisionado pela Funcef"},"content":{"rendered":"<p><em><span style=\"text-decoration: underline;\">Dados do primeiro semestre de 2017 mostram que passivo contingencial chega a R$ 2,5 bilh\u00f5es, enquanto a\u00e7\u00f5es judiciais de perda poss\u00edvel j\u00e1 somam R$ 15,3 bilh\u00f5es<\/span><\/em><\/p>\n<p>Os dados do primeiro semestre de 2017 mostram que o contencioso continua crescendo perigosamente dentro da Funcef. O valor provisionado j\u00e1 chega a R$ 2,5 bilh\u00f5es, uma diferen\u00e7a de 6,17% em compara\u00e7\u00e3o com o registrado no Balan\u00e7o Anual de 2016. No entanto, o contencioso de perda poss\u00edvel &#8211; aquele cuja contabiliza\u00e7\u00e3o n\u00e3o \u00e9 obrigat\u00f3ria e que tem probabilidade de perda avaliada em 50% &#8211; continua subindo avassaladoramente. De 2015 a junho de 2017, as cifras mais que dobraram. Somente no primeiro semestre deste ano, o aumento foi de 20,4% e o valor j\u00e1 est\u00e1 em R$ 15,3 bilh\u00f5es.<\/p>\n<p>Em dezembro, o contencioso de perda poss\u00edvel j\u00e1 tinha dado um susto nos participantes da Funcef, quando apresentou alta de 67% em rela\u00e7\u00e3o a 2015. No ano anterior, os valores tinham crescido 1,5% e, de 2013 para 2014, 3,1%.<\/p>\n<p>\u201cO contencioso da Funcef \u00e9 um verdadeiro iceberg. A parte contabilizada, que j\u00e1 \u00e9 enorme, nem se compara \u00e0 parte que n\u00e3o entra nos balancetes. Esta \u00e9 seis vezes maior e, gradativamente, consumir\u00e1 os recursos dos nossos planos\u201d, alerta a diretora de Sa\u00fade e Previd\u00eancia da Fenae, Fabiana Matheus.<\/p>\n<p>Mobiliza\u00e7\u00e3o e abaixo-assinado<br \/>Para pressionar a Caixa a assumir sua responsabilidade e pagar o contencioso, a Fenae e outras entidades representativas lan\u00e7aram, em junho, a campanha \u201cContencioso: essa d\u00edvida \u00e9 da Caixa\u201d. Uma das a\u00e7\u00f5es realizadas \u00e9 o abaixo-assinado, que j\u00e1 conta com mais de 10 mil assinaturas. As assinaturas podem ser feitas em meio eletr\u00f4nico ou em papel.<\/p>\n<p>Acesse o abaixo-assinado no Avaaz.<\/p>\n<p>Nas \u00faltimas semanas, a Fenae se reuniu com a Superintend\u00eancia Nacional de Previd\u00eancia Complementar (Previc), com a diretoria da Caixa e a presid\u00eancia da Funcef para tratar da quest\u00e3o. Nas ocasi\u00f5es, foram entregues exemplares do Relat\u00f3rio do Contencioso, publica\u00e7\u00e3o que cont\u00e9m os principais n\u00fameros e argumentos sobre esse que \u00e9 o maior fator de deficit nos planos da Funcef.<\/p>\n<p>Diante do alerta, a Previc, enquanto \u00f3rg\u00e3o fiscalizador, manifestou preocupa\u00e7\u00e3o com a dimens\u00e3o do problema e afirmou que solicitar\u00e1 esclarecimentos \u00e0 Funda\u00e7\u00e3o quanto ao tratamento dado ao assunto e quais provid\u00eancia ser\u00e3o adotadas. \u201cO contencioso est\u00e1 tomando propor\u00e7\u00f5es insustent\u00e1veis e n\u00f3s vamos levar esse alerta a todas as inst\u00e2ncias em busca de solu\u00e7\u00e3o. \u00c9 o patrim\u00f4nio dos participantes que est\u00e1 em risco\u201d, diz Fabiana Matheus.<\/p>\n<p>Impacto no equacionamento<br \/>Para quem ter\u00e1 que pagar o equacionamento do deficit, o contencioso pesa bastante. No balan\u00e7o de 2016, o REG\/Replan Saldado apresenta R$ 5,4 bilh\u00f5es a equacionar e um contencioso de R$ 1,8 bilh\u00e3o, que representa 34%. No N\u00e3o Saldado, s\u00e3o R$ 479,7 milh\u00f5es provisionados para R$ 1,2 bilh\u00e3o a equacionar. Nesse plano, o contencioso equivale a 39% do valor que dever\u00e1 ser equacionado.<\/p>\n<p>\u201cOu seja, no final do ano, quando a Funcef divulgar o pr\u00f3ximo plano de equacionamento, os participantes saber\u00e3o que mais de 1\/3 da conta prov\u00e9m do passivo trabalhista que a Caixa terceiriza para n\u00f3s\u201d, afirma a diretora da Fenae.<\/p>\n<p><strong>Fonte: Fenae<\/strong><\/p>\n","protected":false},"excerpt":{"rendered":"<p>Dados do primeiro semestre de 2017 mostram que passivo contingencial chega a R$ 2,5 bilh\u00f5es, enquanto a\u00e7\u00f5es judiciais de perda poss\u00edvel j\u00e1 somam R$ 15,3 bilh\u00f5es Os dados do primeiro semestre de 2017 mostram que o contencioso continua crescendo perigosamente dentro da Funcef. O valor provisionado j\u00e1 chega a R$ 2,5 bilh\u00f5es, uma diferen\u00e7a de [&hellip;]<\/p>\n","protected":false},"author":2,"featured_media":3264,"comment_status":"","ping_status":"","sticky":false,"template":"","format":"standard","meta":{"footnotes":""},"categories":[3],"tags":[],"class_list":["post-3265","post","type-post","status-publish","format-standard","has-post-thumbnail","hentry","category-noticias"],"_links":{"self":[{"href":"https:\/\/hostnetart.com.br\/baixada\/wp-json\/wp\/v2\/posts\/3265","targetHints":{"allow":["GET"]}}],"collection":[{"href":"https:\/\/hostnetart.com.br\/baixada\/wp-json\/wp\/v2\/posts"}],"about":[{"href":"https:\/\/hostnetart.com.br\/baixada\/wp-json\/wp\/v2\/types\/post"}],"author":[{"embeddable":true,"href":"https:\/\/hostnetart.com.br\/baixada\/wp-json\/wp\/v2\/users\/2"}],"replies":[{"embeddable":true,"href":"https:\/\/hostnetart.com.br\/baixada\/wp-json\/wp\/v2\/comments?post=3265"}],"version-history":[{"count":0,"href":"https:\/\/hostnetart.com.br\/baixada\/wp-json\/wp\/v2\/posts\/3265\/revisions"}],"wp:featuredmedia":[{"embeddable":true,"href":"https:\/\/hostnetart.com.br\/baixada\/wp-json\/wp\/v2\/media\/3264"}],"wp:attachment":[{"href":"https:\/\/hostnetart.com.br\/baixada\/wp-json\/wp\/v2\/media?parent=3265"}],"wp:term":[{"taxonomy":"category","embeddable":true,"href":"https:\/\/hostnetart.com.br\/baixada\/wp-json\/wp\/v2\/categories?post=3265"},{"taxonomy":"post_tag","embeddable":true,"href":"https:\/\/hostnetart.com.br\/baixada\/wp-json\/wp\/v2\/tags?post=3265"}],"curies":[{"name":"wp","href":"https:\/\/api.w.org\/{rel}","templated":true}]}}