{"id":3263,"date":"2017-10-26T13:17:34","date_gmt":"2017-10-26T15:17:34","guid":{"rendered":"https:\/\/hostnetart.com.br\/baixada\/cut-parlamentar-favoravel-a-temer-nao-tera-voto-do-trabalhador\/"},"modified":"2017-10-26T13:17:34","modified_gmt":"2017-10-26T15:17:34","slug":"cut-parlamentar-favoravel-a-temer-nao-tera-voto-do-trabalhador","status":"publish","type":"post","link":"https:\/\/hostnetart.com.br\/baixada\/cut-parlamentar-favoravel-a-temer-nao-tera-voto-do-trabalhador\/","title":{"rendered":"CUT: parlamentar favor\u00e1vel a Temer n\u00e3o ter\u00e1 voto do trabalhador"},"content":{"rendered":"<p><em><span style=\"text-decoration: underline;\">Enquanto congela investimentos em sa\u00fade e educa\u00e7\u00e3o, Temer gasta milh\u00f5es para comprar sobrevida, diz o presidente da central, Vagner Freitas<\/span><\/em><\/p>\n<p>O presidente nacional da CUT, Vagner Freitas, afirmou que o Congresso Nacional \u2013 em especial a C\u00e2mara dos Deputados, que deve votar nesta quarta-feira (25) mais uma den\u00fancia contra o presidente Michel Temer \u2013 vai perder ainda mais credibilidade perante a sociedade se impedir o prosseguimento das investiga\u00e7\u00f5es.<\/p>\n<p>&#8220;Temos que continuar alertas, invadir as redes sociais dos deputados, e dizer claramente que o parlamentar que votar a favor de Temer n\u00e3o vai ter o voto do trabalhador&#8221;, afirmou Vagner.<\/p>\n<p>O dirigente ressaltou a contradi\u00e7\u00e3o entre o toma-l\u00e1-d\u00e1-c\u00e1 realizado pelo &#8220;desgoverno&#8221; para salvar Temer \u2013 com cargos, emendas e perd\u00e3o de d\u00edvidas \u2013 e as ditas medidas de austeridade do governo, como a Emenda 95, que que congelou os investimentos em \u00e1reas estrat\u00e9gicas, como Educa\u00e7\u00e3o, por 20 anos.<\/p>\n<p>&#8220;Isso \u00e9 um absurdo. Estou sabendo at\u00e9 que a base do desgoverno est\u00e1 tendo dificuldades para conseguir os votos. J\u00e1 deram tanto que n\u00e3o tem mais o que dar&#8221;, disse o sindicalista.<\/p>\n<p><strong><em>Trabalho escravo<\/em><\/strong><\/p>\n<p>Ele considerou &#8220;louv\u00e1vel&#8221; a decis\u00e3o liminar concedida pela ministra Rosa Weber, do Supremo Tribunal Federal (STF), suspendendo os efeitos de uma portaria editada pelo governo Temer, que flexibiliza os crit\u00e9rios e dificulta o combate ao trabalho escravo.<\/p>\n<p>Vagner atribuiu a decis\u00e3o \u00e0s rea\u00e7\u00f5es contr\u00e1rias de especialistas e da popula\u00e7\u00e3o. Segundo o dirigente, a portaria, se aplicada, representaria uma volta a um tempo anterior a Lei \u00c1urea (1888). &#8220;Temer e seus asseclas n\u00e3o v\u00e3o conseguir dar mais esse golpe, dentre tantos que foram dados, na classe trabalhadora brasileira.&#8221;<\/p>\n<p>O ministro do Trabalho, Ronaldo Nogueira, deixou a pasta temporariamente para assumir o posto de deputado (PTB-RS) e votar a favor de Temer. Ontem, deu declara\u00e7\u00f5es em que lamenta a decis\u00e3o do STF, alegando que sua portaria foi redigida com amparo jur\u00eddico \u2013 embora ignorando a Secretaria de Inspe\u00e7\u00e3o de Trabalho, respons\u00e1vel pela fiscaliza\u00e7\u00e3o e autua\u00e7\u00e3o de condi\u00e7\u00f5es de trabalho an\u00e1logas \u00e0 escravid\u00e3o.<\/p>\n<p><strong>Fonte: Rede Brasil Atual<\/strong><\/p>\n","protected":false},"excerpt":{"rendered":"<p>Enquanto congela investimentos em sa\u00fade e educa\u00e7\u00e3o, Temer gasta milh\u00f5es para comprar sobrevida, diz o presidente da central, Vagner Freitas O presidente nacional da CUT, Vagner Freitas, afirmou que o Congresso Nacional \u2013 em especial a C\u00e2mara dos Deputados, que deve votar nesta quarta-feira (25) mais uma den\u00fancia contra o presidente Michel Temer \u2013 vai [&hellip;]<\/p>\n","protected":false},"author":2,"featured_media":3262,"comment_status":"","ping_status":"","sticky":false,"template":"","format":"standard","meta":{"footnotes":""},"categories":[3],"tags":[],"class_list":["post-3263","post","type-post","status-publish","format-standard","has-post-thumbnail","hentry","category-noticias"],"_links":{"self":[{"href":"https:\/\/hostnetart.com.br\/baixada\/wp-json\/wp\/v2\/posts\/3263","targetHints":{"allow":["GET"]}}],"collection":[{"href":"https:\/\/hostnetart.com.br\/baixada\/wp-json\/wp\/v2\/posts"}],"about":[{"href":"https:\/\/hostnetart.com.br\/baixada\/wp-json\/wp\/v2\/types\/post"}],"author":[{"embeddable":true,"href":"https:\/\/hostnetart.com.br\/baixada\/wp-json\/wp\/v2\/users\/2"}],"replies":[{"embeddable":true,"href":"https:\/\/hostnetart.com.br\/baixada\/wp-json\/wp\/v2\/comments?post=3263"}],"version-history":[{"count":0,"href":"https:\/\/hostnetart.com.br\/baixada\/wp-json\/wp\/v2\/posts\/3263\/revisions"}],"wp:featuredmedia":[{"embeddable":true,"href":"https:\/\/hostnetart.com.br\/baixada\/wp-json\/wp\/v2\/media\/3262"}],"wp:attachment":[{"href":"https:\/\/hostnetart.com.br\/baixada\/wp-json\/wp\/v2\/media?parent=3263"}],"wp:term":[{"taxonomy":"category","embeddable":true,"href":"https:\/\/hostnetart.com.br\/baixada\/wp-json\/wp\/v2\/categories?post=3263"},{"taxonomy":"post_tag","embeddable":true,"href":"https:\/\/hostnetart.com.br\/baixada\/wp-json\/wp\/v2\/tags?post=3263"}],"curies":[{"name":"wp","href":"https:\/\/api.w.org\/{rel}","templated":true}]}}