{"id":3261,"date":"2017-10-25T16:57:57","date_gmt":"2017-10-25T18:57:57","guid":{"rendered":"https:\/\/hostnetart.com.br\/baixada\/clausulas-de-saude-sao-ameacadas-por-reforma-trabalhista\/"},"modified":"2017-10-25T16:57:57","modified_gmt":"2017-10-25T18:57:57","slug":"clausulas-de-saude-sao-ameacadas-por-reforma-trabalhista","status":"publish","type":"post","link":"https:\/\/hostnetart.com.br\/baixada\/clausulas-de-saude-sao-ameacadas-por-reforma-trabalhista\/","title":{"rendered":"Cl\u00e1usulas de Sa\u00fade s\u00e3o amea\u00e7adas por reforma trabalhista"},"content":{"rendered":"<p>Na manh\u00e3 de ter\u00e7a-feira (24), o Coletivo Nacional de Sa\u00fade do Trabalhador da Confedera\u00e7\u00e3o Nacional dos Trabalhadores do Ramo Financeiro (Contraf-CUT) se reuniu no Espa\u00e7o Cultural e Esportivo dos Banc\u00e1rios para debater os impactos da reforma trabalhista na sa\u00fade do trabalhador. Entre os muitos pontos tratados destacam-se a an\u00e1lise dos adoecimentos, preven\u00e7\u00e3o nos conflitos de trabalho e a cobran\u00e7a de metas abusivas.<\/p>\n<p>\u201cA Fenaban (Federa\u00e7\u00e3o Nacional dos Bancos) e os bancos n\u00e3o est\u00e3o preocupados com a sa\u00fade do trabalhador, nem com pol\u00edticas de preven\u00e7\u00e3o, se preocupam apenas com a gest\u00e3o dos afastamentos, ferindo os direitos humanos e a dignidade da pessoa humana. Em tempos de volta do trabalho escravo, a discuss\u00e3o sobre sa\u00fade e direitos humanos \u00e9 urgente\u201d alerta Walcir Previtale, secret\u00e1rio de Sa\u00fade do Trabalhador da Contraf-CUT.<\/p>\n<p>As negocia\u00e7\u00f5es coletivas sobre as cl\u00e1usulas de sa\u00fade, neste ano, j\u00e1 come\u00e7aram em agosto e tamb\u00e9m j\u00e1 findaram. O cen\u00e1rio, diante da reforma trabalhista, dificultou o di\u00e1logo com os representantes da Fenaban. Do ano passado, ficou pendente a ratifica\u00e7\u00e3o da cl\u00e1usula 65 da CCT, que trata sobre o pagamento do adiantamento emergencial, por\u00e9m os bancos insistem em divulgar ranking e o movimento sindical n\u00e3o aceita por considerar um instrumento de ass\u00e9dio moral.<\/p>\n<p>\u201cPedimos transpar\u00eancias com os dados dos bancos sobre os afastamentos para tratamentos de sa\u00fade e isso os bancos negam. \u00c9 direito de todo trabalhador e do sindicato saber como anda a sa\u00fade da categoria, para podermos agir na preven\u00e7\u00e3o. Divulgar ranking de vendas \u00e9 retrocesso, a cobran\u00e7a de metas abusivas \u00e9 que gera o adoecimento! N\u00e3o podemos e n\u00e3o vamos permitir \u201d afirma Ademir Vidolin, secret\u00e1rio de sa\u00fade da Fetec-PR.<\/p>\n<p>Durante o encontro, os representantes dos trabalhadores refutaram a atitude dos bancos em descumprir muitas cl\u00e1usulas deste tema e em tratar a quest\u00e3o da sa\u00fade como individualizada, e apontam que a quest\u00e3o do adoecimento mental e de LER\/Dort \u00e9 comprovadamente doen\u00e7a laboral e, portanto, deve ser discutida coletivamente.<\/p>\n<p>&#8220;O direito \u00e0 sa\u00fade \u00e9 assegurado pela Constitui\u00e7\u00e3o Federal, e apesar da retirada de direitos promovida por um governo ileg\u00edtimo, o Movimento Sindical resiste aos constantes ataques e busca a prote\u00e7\u00e3o desse direito previsto na Carta Magna&#8221; conclui Previtale.<\/p>\n<p><strong>Fonte: Seeb\/Curitiba<\/strong><\/p>\n","protected":false},"excerpt":{"rendered":"<p>Na manh\u00e3 de ter\u00e7a-feira (24), o Coletivo Nacional de Sa\u00fade do Trabalhador da Confedera\u00e7\u00e3o Nacional dos Trabalhadores do Ramo Financeiro (Contraf-CUT) se reuniu no Espa\u00e7o Cultural e Esportivo dos Banc\u00e1rios para debater os impactos da reforma trabalhista na sa\u00fade do trabalhador. Entre os muitos pontos tratados destacam-se a an\u00e1lise dos adoecimentos, preven\u00e7\u00e3o nos conflitos de [&hellip;]<\/p>\n","protected":false},"author":2,"featured_media":3260,"comment_status":"","ping_status":"","sticky":false,"template":"","format":"standard","meta":{"footnotes":""},"categories":[3],"tags":[],"class_list":["post-3261","post","type-post","status-publish","format-standard","has-post-thumbnail","hentry","category-noticias"],"_links":{"self":[{"href":"https:\/\/hostnetart.com.br\/baixada\/wp-json\/wp\/v2\/posts\/3261","targetHints":{"allow":["GET"]}}],"collection":[{"href":"https:\/\/hostnetart.com.br\/baixada\/wp-json\/wp\/v2\/posts"}],"about":[{"href":"https:\/\/hostnetart.com.br\/baixada\/wp-json\/wp\/v2\/types\/post"}],"author":[{"embeddable":true,"href":"https:\/\/hostnetart.com.br\/baixada\/wp-json\/wp\/v2\/users\/2"}],"replies":[{"embeddable":true,"href":"https:\/\/hostnetart.com.br\/baixada\/wp-json\/wp\/v2\/comments?post=3261"}],"version-history":[{"count":0,"href":"https:\/\/hostnetart.com.br\/baixada\/wp-json\/wp\/v2\/posts\/3261\/revisions"}],"wp:featuredmedia":[{"embeddable":true,"href":"https:\/\/hostnetart.com.br\/baixada\/wp-json\/wp\/v2\/media\/3260"}],"wp:attachment":[{"href":"https:\/\/hostnetart.com.br\/baixada\/wp-json\/wp\/v2\/media?parent=3261"}],"wp:term":[{"taxonomy":"category","embeddable":true,"href":"https:\/\/hostnetart.com.br\/baixada\/wp-json\/wp\/v2\/categories?post=3261"},{"taxonomy":"post_tag","embeddable":true,"href":"https:\/\/hostnetart.com.br\/baixada\/wp-json\/wp\/v2\/tags?post=3261"}],"curies":[{"name":"wp","href":"https:\/\/api.w.org\/{rel}","templated":true}]}}