{"id":3259,"date":"2017-10-25T13:02:27","date_gmt":"2017-10-25T15:02:27","guid":{"rendered":"https:\/\/hostnetart.com.br\/baixada\/sindicato-dos-bancarios-da-baixada-fluminense-realiza-ato-em-sao-joao-de-meriti-em-defesa-da-caixa-100-publica\/"},"modified":"2017-10-25T13:02:27","modified_gmt":"2017-10-25T15:02:27","slug":"sindicato-dos-bancarios-da-baixada-fluminense-realiza-ato-em-sao-joao-de-meriti-em-defesa-da-caixa-100-publica","status":"publish","type":"post","link":"https:\/\/hostnetart.com.br\/baixada\/sindicato-dos-bancarios-da-baixada-fluminense-realiza-ato-em-sao-joao-de-meriti-em-defesa-da-caixa-100-publica\/","title":{"rendered":"Sindicato dos Banc\u00e1rios da Baixada Fluminense realiza ato em S\u00e3o Jo\u00e3o de Meriti em defesa da Caixa 100% p\u00fablica"},"content":{"rendered":"<p>O Sindicato dos Banc\u00e1rios da Baixada Fluminense esteve hoje, dia 25\/10, no Centro de S\u00e3o Jo\u00e3o de Meriti, Baixada Fluminense, na campanha \u201cvermelho de raiva\u201d em mais um protesto contra a decis\u00e3o do governo de abrir o capital da Caixa para o setor privado, primeiro passo, junto ao processo de desmonte, para a privatiza\u00e7\u00e3o do banco. A manifesta\u00e7\u00e3o \u00e9 mais uma atividade em defesa da Caixa 100% p\u00fablica.<\/p>\n","protected":false},"excerpt":{"rendered":"<p>O Sindicato dos Banc\u00e1rios da Baixada Fluminense esteve hoje, dia 25\/10, no Centro de S\u00e3o Jo\u00e3o de Meriti, Baixada Fluminense, na campanha \u201cvermelho de raiva\u201d em mais um protesto contra a decis\u00e3o do governo de abrir o capital da Caixa para o setor privado, primeiro passo, junto ao processo de desmonte, para a privatiza\u00e7\u00e3o do [&hellip;]<\/p>\n","protected":false},"author":2,"featured_media":3258,"comment_status":"","ping_status":"","sticky":false,"template":"","format":"standard","meta":{"footnotes":""},"categories":[3],"tags":[],"class_list":["post-3259","post","type-post","status-publish","format-standard","has-post-thumbnail","hentry","category-noticias"],"_links":{"self":[{"href":"https:\/\/hostnetart.com.br\/baixada\/wp-json\/wp\/v2\/posts\/3259","targetHints":{"allow":["GET"]}}],"collection":[{"href":"https:\/\/hostnetart.com.br\/baixada\/wp-json\/wp\/v2\/posts"}],"about":[{"href":"https:\/\/hostnetart.com.br\/baixada\/wp-json\/wp\/v2\/types\/post"}],"author":[{"embeddable":true,"href":"https:\/\/hostnetart.com.br\/baixada\/wp-json\/wp\/v2\/users\/2"}],"replies":[{"embeddable":true,"href":"https:\/\/hostnetart.com.br\/baixada\/wp-json\/wp\/v2\/comments?post=3259"}],"version-history":[{"count":0,"href":"https:\/\/hostnetart.com.br\/baixada\/wp-json\/wp\/v2\/posts\/3259\/revisions"}],"wp:featuredmedia":[{"embeddable":true,"href":"https:\/\/hostnetart.com.br\/baixada\/wp-json\/wp\/v2\/media\/3258"}],"wp:attachment":[{"href":"https:\/\/hostnetart.com.br\/baixada\/wp-json\/wp\/v2\/media?parent=3259"}],"wp:term":[{"taxonomy":"category","embeddable":true,"href":"https:\/\/hostnetart.com.br\/baixada\/wp-json\/wp\/v2\/categories?post=3259"},{"taxonomy":"post_tag","embeddable":true,"href":"https:\/\/hostnetart.com.br\/baixada\/wp-json\/wp\/v2\/tags?post=3259"}],"curies":[{"name":"wp","href":"https:\/\/api.w.org\/{rel}","templated":true}]}}