{"id":3253,"date":"2017-10-25T12:49:42","date_gmt":"2017-10-25T14:49:42","guid":{"rendered":"https:\/\/hostnetart.com.br\/baixada\/entidades-representativas-vao-criar-comite-nacional-em-defesa-da-caixa\/"},"modified":"2017-10-25T12:49:42","modified_gmt":"2017-10-25T14:49:42","slug":"entidades-representativas-vao-criar-comite-nacional-em-defesa-da-caixa","status":"publish","type":"post","link":"https:\/\/hostnetart.com.br\/baixada\/entidades-representativas-vao-criar-comite-nacional-em-defesa-da-caixa\/","title":{"rendered":"Entidades representativas v\u00e3o criar Comit\u00ea Nacional em Defesa da Caixa"},"content":{"rendered":"<p>Entidades representativas dos empregados v\u00e3o criar um Comit\u00ea Nacional em Defesa da Caixa, com o objetivo de ampliar em todo o pa\u00eds a mobiliza\u00e7\u00e3o para barrar a tentativa do governo Temer de transformar o banco, que hoje \u00e9 100% p\u00fablico, em S\/A. A iniciativa conta com apoio da Fenae, Fenag, Fenacef, Advocef, Aneac e AudiCaixa. O lan\u00e7amento oficial do f\u00f3rum ocorrer\u00e1 no dia 31 de outubro, na sede da Fenae, em Bras\u00edlia (DF).<\/p>\n<p>Nesta ter\u00e7a-feira (24), representantes da Advocef e da Fenag, Carlos Castro e Marconi Polo, respectivamente, estiveram reunidos com os diretores da Fenae Jair Pedro Ferreira (presidente) e Cardoso (Administra\u00e7\u00e3o e Finan\u00e7as). Na oportunidade, foram apresentados detalhes sobre a campanha \u201cDefenda a Caixa voc\u00ea tamb\u00e9m\u201d, lan\u00e7ada no dia 3 de outubro, pela Fenae, Apcefs, centrais sindicais, Contraf-CUT, federa\u00e7\u00f5es e sindicatos de banc\u00e1rios.<\/p>\n<p>Jair Pedro Ferreira lembrou que a ideia \u00e9 mostrar como a Caixa \u00e9 essencial em \u00e1reas como habita\u00e7\u00e3o, saneamento, infraestrutura, educa\u00e7\u00e3o, esporte, cultura, agricultura. Enfim, para a vida dos trabalhadores e brasileiros em geral. \u201cNosso objetivo \u00e9 construir uma mobiliza\u00e7\u00e3o, que envolva todos. Precisamos do apoio das entidades, dos empregados, dos movimentos sociais e da sociedade para impedir os ataques \u00e0 Caixa\u201d, disse o presidente da Fenae.<\/p>\n<p>Para o diretor de Rela\u00e7\u00f5es Institucionais da Fenag, Marconi Apolo, o momento \u00e9 de unidade. \u201cPrecisamos estar unidos e fortalecidos para ter \u00eaxito em nossas demandas e, hoje, nosso objetivo maior \u00e9 a defesa da Caixa 100% p\u00fablica\u201d, ressaltou. E acrescentou: \u201c\u00e9 imprescind\u00edvel o apoio da popula\u00e7\u00e3o. Precisamos mostrar para sociedade como \u00e9 o pa\u00eds com a Caixa e sem ela\u201d.<\/p>\n<p>Carlos Castro, diretor de Relacionamento Institucional da Advocef, lembrou que o Brasil vive um cen\u00e1rio marcado pelo desmonte do Estado brasileiro. \u201cNesse desmonte est\u00e1 inclu\u00edda a Caixa, que \u00e9 patrim\u00f4nio secular. Nossa luta \u00e9 hist\u00f3rica em defesa desta institui\u00e7\u00e3o e do trabalho de relev\u00e2ncia que tem prestado ao pa\u00eds. Estamos juntos nessa luta. Vamos procurar os prefeitos e outros segmentos da sociedade\u201d, ressaltou.<\/p>\n<p>A mobiliza\u00e7\u00e3o em defesa da Caixa 100% p\u00fablica est\u00e1 se espalhando pelo Brasil. Audi\u00eancias p\u00fablicas e manifesta\u00e7\u00f5es t\u00eam sido realizadas para denunciar a tentativa de tornar o banco em S\/A. A vota\u00e7\u00e3o pelo Conselho de Administra\u00e7\u00e3o da proposta que altera o estatuto da Caixa, prevista para ocorrer no dia 18 de outubro, foi adiada. O recuo foi positivo e fruto da mobiliza\u00e7\u00e3o da categoria e das entidades representativas.<\/p>\n<p><strong><em>Por que defender a Caixa?<\/em><\/strong><\/p>\n<p>Para se ter ideia da import\u00e2ncia da Caixa para o Brasil e os brasileiros, basta ver os dados da atua\u00e7\u00e3o nos mais diversos setores. Somente no primeiro semestre de 2017, a carteira imobili\u00e1ria totalizou R$ 421,4 bilh\u00f5es, com o banho ganhando 1,3 p.p. de participa\u00e7\u00e3o no mercado imobili\u00e1rio, mantendo a lideran\u00e7a com 68,1%. J\u00e1 as opera\u00e7\u00f5es de saneamento e infraestrutura cresceram 5,3% no per\u00edodo, com a carteira atingindo os R$ 79,9 bilh\u00f5es.<\/p>\n<p>Entre janeiro e junho, foram pagos cerca de 78,5 milh\u00f5es de benef\u00edcios sociais, num total de R$ 14,2 bilh\u00f5es, sendo R$ 13,7 bilh\u00f5es referentes ao Bolsa Fam\u00edlia. Em rela\u00e7\u00e3o aos programas voltados ao trabalhador, a Caixa realizou 196 milh\u00f5es de pagamentos, que totalizaram R$ 176,6 bilh\u00f5es. Tamb\u00e9m foram realizados 33,7 milh\u00f5es de pagamentos de aposentadorias e pens\u00f5es aos benefici\u00e1rios do INSS, correspondendo a R$ 40,7 bilh\u00f5es. Ao final de junho, a i o banco possu\u00eda 84,1 milh\u00f5es de correntistas e poupadores.<\/p>\n<p>\u201cA Caixa est\u00e1 na vida de todos os brasileiros diariamente, embora muitos n\u00e3o tenham essa no\u00e7\u00e3o. Por isso, defender o banco \u00e9 um direito e um dever de todos n\u00f3s. Temos que estar preparados para a luta, que n\u00e3o ser\u00e1 f\u00e1cil. Convocamos todos os empregados a se engajarem nessa grande mobiliza\u00e7\u00e3o\u201d, destaca Jair Pedro Ferreira.<\/p>\n<p>Saiba mais sobre a campanha \u201cDefenda a Caixa voc\u00ea tamb\u00e9m\u201d acessando o site www.defendaacaixa.com.br<\/p>\n<p><strong>Fonte: Fenae<\/strong><\/p>\n","protected":false},"excerpt":{"rendered":"<p>Entidades representativas dos empregados v\u00e3o criar um Comit\u00ea Nacional em Defesa da Caixa, com o objetivo de ampliar em todo o pa\u00eds a mobiliza\u00e7\u00e3o para barrar a tentativa do governo Temer de transformar o banco, que hoje \u00e9 100% p\u00fablico, em S\/A. A iniciativa conta com apoio da Fenae, Fenag, Fenacef, Advocef, Aneac e AudiCaixa. [&hellip;]<\/p>\n","protected":false},"author":2,"featured_media":3252,"comment_status":"","ping_status":"","sticky":false,"template":"","format":"standard","meta":{"footnotes":""},"categories":[3],"tags":[],"class_list":["post-3253","post","type-post","status-publish","format-standard","has-post-thumbnail","hentry","category-noticias"],"_links":{"self":[{"href":"https:\/\/hostnetart.com.br\/baixada\/wp-json\/wp\/v2\/posts\/3253","targetHints":{"allow":["GET"]}}],"collection":[{"href":"https:\/\/hostnetart.com.br\/baixada\/wp-json\/wp\/v2\/posts"}],"about":[{"href":"https:\/\/hostnetart.com.br\/baixada\/wp-json\/wp\/v2\/types\/post"}],"author":[{"embeddable":true,"href":"https:\/\/hostnetart.com.br\/baixada\/wp-json\/wp\/v2\/users\/2"}],"replies":[{"embeddable":true,"href":"https:\/\/hostnetart.com.br\/baixada\/wp-json\/wp\/v2\/comments?post=3253"}],"version-history":[{"count":0,"href":"https:\/\/hostnetart.com.br\/baixada\/wp-json\/wp\/v2\/posts\/3253\/revisions"}],"wp:featuredmedia":[{"embeddable":true,"href":"https:\/\/hostnetart.com.br\/baixada\/wp-json\/wp\/v2\/media\/3252"}],"wp:attachment":[{"href":"https:\/\/hostnetart.com.br\/baixada\/wp-json\/wp\/v2\/media?parent=3253"}],"wp:term":[{"taxonomy":"category","embeddable":true,"href":"https:\/\/hostnetart.com.br\/baixada\/wp-json\/wp\/v2\/categories?post=3253"},{"taxonomy":"post_tag","embeddable":true,"href":"https:\/\/hostnetart.com.br\/baixada\/wp-json\/wp\/v2\/tags?post=3253"}],"curies":[{"name":"wp","href":"https:\/\/api.w.org\/{rel}","templated":true}]}}