{"id":3247,"date":"2017-10-24T14:28:39","date_gmt":"2017-10-24T16:28:39","guid":{"rendered":"https:\/\/hostnetart.com.br\/baixada\/bradesco-e-condenado-por-assedio-moral-por-cobranca-de-metas\/"},"modified":"2017-10-24T14:28:39","modified_gmt":"2017-10-24T16:28:39","slug":"bradesco-e-condenado-por-assedio-moral-por-cobranca-de-metas","status":"publish","type":"post","link":"https:\/\/hostnetart.com.br\/baixada\/bradesco-e-condenado-por-assedio-moral-por-cobranca-de-metas\/","title":{"rendered":"Bradesco \u00e9 condenado por ass\u00e9dio moral por cobran\u00e7a de metas"},"content":{"rendered":"<p>A Terceira Turma do Tribunal Superior do Trabalho (TST) condenou o Banco Bradesco S.A. a indenizar em R$ 50 mil uma ex-gerente que teve quadro de depress\u00e3o agravado em fun\u00e7\u00e3o das condi\u00e7\u00f5es de trabalho. Para os ministros, a doen\u00e7a foi diretamente influenciada pela cobran\u00e7a de metas excessivas, que implicavam cr\u00edticas do superintendente feitas em p\u00fablico e de maneira depreciativa.<\/p>\n<p>A banc\u00e1ria alegou que conseguia cumprir os objetivos at\u00e9 a sa\u00edda de um gerente de contas de sua equipe sem a redu\u00e7\u00e3o proporcional das metas nem a nomea\u00e7\u00e3o de um novo gerente em tempo razo\u00e1vel. O superintendente n\u00e3o atendia seu pedido para a reposi\u00e7\u00e3o de pessoal e, segundo testemunhas, cobrava, de forma enf\u00e1tica, o alcance de resultados. Ap\u00f3s avalia\u00e7\u00e3o de desempenho, o banco a despediu sem justa causa, enquanto apresentava epis\u00f3dio depressivo grave.<\/p>\n<p>A decis\u00e3o \u00e9 diversa da tomada pelo Tribunal Regional do Trabalho da 9\u00aa Regi\u00e3o (PR), que apesar de reconhecer que as situa\u00e7\u00f5es vivenciadas no banco contribu\u00edram para o agravamento da depress\u00e3o, disse n\u00e3o ter existido ass\u00e9dio moral e tinha absolvido o Bradesco da indeniza\u00e7\u00e3o de R$ 30 mil por dano moral determinada pelo ju\u00edzo de primeiro grau.<\/p>\n<p>A banc\u00e1ria recorreu ao TST, onde o Relator do recurso, o ministro Mauricio Godinho Delgado, afirmou que houve ass\u00e9dio moral decorrente de cobran\u00e7as de metas invi\u00e1veis, e o agravamento dos epis\u00f3dios depressivos estava relacionado \u00e0s atividades desempenhadas pela empregada. Segundo Godinho, esse tipo de ass\u00e9dio se caracteriza por condutas abusivas, mediante gestos, palavras e atitudes, praticadas sistematicamente pelo superior hier\u00e1rquico contra o subordinado.<\/p>\n<p>O ministro concluiu que os fatos realmente atentaram contra a dignidade, a integridade ps\u00edquica e o bem-estar individual \u2013 bens imateriais protegidos pela Constitui\u00e7\u00e3o \u2013, justificando a repara\u00e7\u00e3o por dano moral. Por unanimidade, a Terceira Turma acompanhou o voto do relator para estabelecer a indeniza\u00e7\u00e3o de R$ 50 mil.<\/p>\n<p><strong>Fonte: TST, com edi\u00e7\u00f5es da Contraf-CUT<\/strong><\/p>\n","protected":false},"excerpt":{"rendered":"<p>A Terceira Turma do Tribunal Superior do Trabalho (TST) condenou o Banco Bradesco S.A. a indenizar em R$ 50 mil uma ex-gerente que teve quadro de depress\u00e3o agravado em fun\u00e7\u00e3o das condi\u00e7\u00f5es de trabalho. Para os ministros, a doen\u00e7a foi diretamente influenciada pela cobran\u00e7a de metas excessivas, que implicavam cr\u00edticas do superintendente feitas em p\u00fablico [&hellip;]<\/p>\n","protected":false},"author":2,"featured_media":3246,"comment_status":"","ping_status":"","sticky":false,"template":"","format":"standard","meta":{"footnotes":""},"categories":[3],"tags":[],"class_list":["post-3247","post","type-post","status-publish","format-standard","has-post-thumbnail","hentry","category-noticias"],"_links":{"self":[{"href":"https:\/\/hostnetart.com.br\/baixada\/wp-json\/wp\/v2\/posts\/3247","targetHints":{"allow":["GET"]}}],"collection":[{"href":"https:\/\/hostnetart.com.br\/baixada\/wp-json\/wp\/v2\/posts"}],"about":[{"href":"https:\/\/hostnetart.com.br\/baixada\/wp-json\/wp\/v2\/types\/post"}],"author":[{"embeddable":true,"href":"https:\/\/hostnetart.com.br\/baixada\/wp-json\/wp\/v2\/users\/2"}],"replies":[{"embeddable":true,"href":"https:\/\/hostnetart.com.br\/baixada\/wp-json\/wp\/v2\/comments?post=3247"}],"version-history":[{"count":0,"href":"https:\/\/hostnetart.com.br\/baixada\/wp-json\/wp\/v2\/posts\/3247\/revisions"}],"wp:featuredmedia":[{"embeddable":true,"href":"https:\/\/hostnetart.com.br\/baixada\/wp-json\/wp\/v2\/media\/3246"}],"wp:attachment":[{"href":"https:\/\/hostnetart.com.br\/baixada\/wp-json\/wp\/v2\/media?parent=3247"}],"wp:term":[{"taxonomy":"category","embeddable":true,"href":"https:\/\/hostnetart.com.br\/baixada\/wp-json\/wp\/v2\/categories?post=3247"},{"taxonomy":"post_tag","embeddable":true,"href":"https:\/\/hostnetart.com.br\/baixada\/wp-json\/wp\/v2\/tags?post=3247"}],"curies":[{"name":"wp","href":"https:\/\/api.w.org\/{rel}","templated":true}]}}