{"id":3241,"date":"2017-10-23T14:24:03","date_gmt":"2017-10-23T16:24:03","guid":{"rendered":"https:\/\/hostnetart.com.br\/baixada\/reforma-da-previdencia-nao-tem-chances-de-ser-aprovada-segundo-paulo-paim\/"},"modified":"2017-10-23T14:24:03","modified_gmt":"2017-10-23T16:24:03","slug":"reforma-da-previdencia-nao-tem-chances-de-ser-aprovada-segundo-paulo-paim","status":"publish","type":"post","link":"https:\/\/hostnetart.com.br\/baixada\/reforma-da-previdencia-nao-tem-chances-de-ser-aprovada-segundo-paulo-paim\/","title":{"rendered":"Reforma da Previd\u00eancia n\u00e3o tem chances de ser aprovada, segundo Paulo Paim"},"content":{"rendered":"<p>Em entrevista para a Rede Brasil Atual, o senador Paulo Paim (PT-RS) afirmou que a proposta de Reforma da Previd\u00eancia do governo Temer n\u00e3o tem mais condi\u00e7\u00f5es de ser aprovada. De acordo com ele, a proposta n\u00e3o tem chances de ser aprovada nem em sua vers\u00e3o desidratada. \u00a0<\/p>\n<p>Segundo o senador, o Planalto teria decidido abrir m\u00e3o de alterar alguns pontos laterais, como regras de acesso ao Benef\u00edcio de Presta\u00e7\u00e3o Continuada (BPC), e a aposentaria rural, de modo a preservar as mudan\u00e7as mais cr\u00edticas, como a idade m\u00ednima para as aposentadorias (65 anos para homens e 62 para mulheres) com pelo menos 25 anos de contribui\u00e7\u00e3o m\u00ednima. <\/p>\n<p>Por se tratar de uma Proposta de Emenda \u00e0 Constitui\u00e7\u00e3o (PEC) 287, o projeto teria de ser aprovado na C\u00e2mara, com dois ter\u00e7os dos votos, em duas vota\u00e7\u00f5es, at\u00e9 novembro, para seguir para o Senado, novamente em duas vota\u00e7\u00f5es, at\u00e9 o dia 22 de dezembro, quando se encerram os trabalhos legislativos. <\/p>\n<p>&#8220;\u00c9 imposs\u00edvel votar uma reforma, em dois turnos, que ningu\u00e9m sabe o que \u00e9 ainda. A sociedade n\u00e3o sabe, nem eles sabem. Eles falam em desidratada, eu falo em meia-sola. Em qualquer pa\u00eds do mundo, a reforma da Previd\u00eancia \u00e9 um debate que pode demorar at\u00e9 10 anos. V\u00e3o querer aprovar, do dia para a noite, com medo da elei\u00e7\u00e3o do ano que vem. Se a reforma fosse s\u00e9ria, qual o medo de fazer no ano que vem?&#8221;, afirmou Paulo Paim. <\/p>\n<p><strong>Fonte: Rede Brasil Atual<\/strong><\/p>\n","protected":false},"excerpt":{"rendered":"<p>Em entrevista para a Rede Brasil Atual, o senador Paulo Paim (PT-RS) afirmou que a proposta de Reforma da Previd\u00eancia do governo Temer n\u00e3o tem mais condi\u00e7\u00f5es de ser aprovada. De acordo com ele, a proposta n\u00e3o tem chances de ser aprovada nem em sua vers\u00e3o desidratada. \u00a0 Segundo o senador, o Planalto teria decidido [&hellip;]<\/p>\n","protected":false},"author":2,"featured_media":3240,"comment_status":"","ping_status":"","sticky":false,"template":"","format":"standard","meta":{"footnotes":""},"categories":[3],"tags":[],"class_list":["post-3241","post","type-post","status-publish","format-standard","has-post-thumbnail","hentry","category-noticias"],"_links":{"self":[{"href":"https:\/\/hostnetart.com.br\/baixada\/wp-json\/wp\/v2\/posts\/3241","targetHints":{"allow":["GET"]}}],"collection":[{"href":"https:\/\/hostnetart.com.br\/baixada\/wp-json\/wp\/v2\/posts"}],"about":[{"href":"https:\/\/hostnetart.com.br\/baixada\/wp-json\/wp\/v2\/types\/post"}],"author":[{"embeddable":true,"href":"https:\/\/hostnetart.com.br\/baixada\/wp-json\/wp\/v2\/users\/2"}],"replies":[{"embeddable":true,"href":"https:\/\/hostnetart.com.br\/baixada\/wp-json\/wp\/v2\/comments?post=3241"}],"version-history":[{"count":0,"href":"https:\/\/hostnetart.com.br\/baixada\/wp-json\/wp\/v2\/posts\/3241\/revisions"}],"wp:featuredmedia":[{"embeddable":true,"href":"https:\/\/hostnetart.com.br\/baixada\/wp-json\/wp\/v2\/media\/3240"}],"wp:attachment":[{"href":"https:\/\/hostnetart.com.br\/baixada\/wp-json\/wp\/v2\/media?parent=3241"}],"wp:term":[{"taxonomy":"category","embeddable":true,"href":"https:\/\/hostnetart.com.br\/baixada\/wp-json\/wp\/v2\/categories?post=3241"},{"taxonomy":"post_tag","embeddable":true,"href":"https:\/\/hostnetart.com.br\/baixada\/wp-json\/wp\/v2\/tags?post=3241"}],"curies":[{"name":"wp","href":"https:\/\/api.w.org\/{rel}","templated":true}]}}