{"id":3237,"date":"2017-10-20T11:09:31","date_gmt":"2017-10-20T13:09:31","guid":{"rendered":"https:\/\/hostnetart.com.br\/baixada\/fundacao-perseu-abramo-lanca-plataforma-de-propostas-para-o-pais\/"},"modified":"2017-10-20T11:09:31","modified_gmt":"2017-10-20T13:09:31","slug":"fundacao-perseu-abramo-lanca-plataforma-de-propostas-para-o-pais","status":"publish","type":"post","link":"https:\/\/hostnetart.com.br\/baixada\/fundacao-perseu-abramo-lanca-plataforma-de-propostas-para-o-pais\/","title":{"rendered":"Funda\u00e7\u00e3o Perseu Abramo lan\u00e7a plataforma de propostas para o pa\u00eds"},"content":{"rendered":"<p>A Funda\u00e7\u00e3o Perseu Abramo (FPA) lan\u00e7ou a plataforma digital &#8220;Brasil que o povo quer&#8221;, com o objetivo de colher propostas para o pa\u00eds, que ser\u00e3o apresentadas em 2018. Os interessados podem participar at\u00e9 dezembro. As discuss\u00f5es continuar\u00e3o durante todo o ano que vem.<\/p>\n<p>&#8220;S\u00e3o diretrizes de um programa de governo&#8221;, diz Artur Henrique da Silva Santos, diretor-executivo da FPA, ex-presidente da CUT e ex-secret\u00e1rio municipal do Trabalho em S\u00e3o Paulo. As propostas buscam contemplar os principais temas a serem discutidos durante o pr\u00f3ximo ano. Ele enfatiza a import\u00e2ncia de se debater propostas relacionadas a &#8220;pol\u00edticas p\u00fablicas, papel do Estado e modelo de desenvolvimento&#8221;.<\/p>\n<p>A plataforma tem sete eixos: A ordem mundial, a soberania e a defesa da na\u00e7\u00e3o; Participa\u00e7\u00e3o popular, liberdade e direitos. Qual democracia queremos?; Integra\u00e7\u00e3o nacional e servi\u00e7os no Brasil. \u00c9 poss\u00edvel construir um pa\u00eds mais justo para todos?; O que \u00e9 qualidade de vida para voc\u00ea?; Quem pagar\u00e1 o aumento da infraestrutura e dos bens comuns no Brasil?; Como reduzir a desigualdade e garantir inclus\u00e3o social no Brasil?; e Como mobilizar os recursos naturais e tecnol\u00f3gicos gerando riqueza para todos?. Cada um tem seu coordenador, lembra Artur Henrique.<\/p>\n<p>Entre outras atividades, a agenda prev\u00ea semin\u00e1rios e debates no primeiro trimestre de 2018, f\u00f3runs regionais e um f\u00f3rum nacional de consulta, em maio. O resultado final dever\u00e1 ser divulgado em setembro. A funda\u00e7\u00e3o \u00e9 ligada ao PT, mas para participar n\u00e3o \u00e9 preciso ser filiado ao partido. O endere\u00e7o \u00e9 www.brasilqueopovoquer.org.br.<\/p>\n<p><strong>Fonte: Rede Brasil Atual<\/strong><\/p>\n","protected":false},"excerpt":{"rendered":"<p>A Funda\u00e7\u00e3o Perseu Abramo (FPA) lan\u00e7ou a plataforma digital &#8220;Brasil que o povo quer&#8221;, com o objetivo de colher propostas para o pa\u00eds, que ser\u00e3o apresentadas em 2018. Os interessados podem participar at\u00e9 dezembro. As discuss\u00f5es continuar\u00e3o durante todo o ano que vem. &#8220;S\u00e3o diretrizes de um programa de governo&#8221;, diz Artur Henrique da Silva [&hellip;]<\/p>\n","protected":false},"author":2,"featured_media":3236,"comment_status":"","ping_status":"","sticky":false,"template":"","format":"standard","meta":{"footnotes":""},"categories":[3],"tags":[],"class_list":["post-3237","post","type-post","status-publish","format-standard","has-post-thumbnail","hentry","category-noticias"],"_links":{"self":[{"href":"https:\/\/hostnetart.com.br\/baixada\/wp-json\/wp\/v2\/posts\/3237","targetHints":{"allow":["GET"]}}],"collection":[{"href":"https:\/\/hostnetart.com.br\/baixada\/wp-json\/wp\/v2\/posts"}],"about":[{"href":"https:\/\/hostnetart.com.br\/baixada\/wp-json\/wp\/v2\/types\/post"}],"author":[{"embeddable":true,"href":"https:\/\/hostnetart.com.br\/baixada\/wp-json\/wp\/v2\/users\/2"}],"replies":[{"embeddable":true,"href":"https:\/\/hostnetart.com.br\/baixada\/wp-json\/wp\/v2\/comments?post=3237"}],"version-history":[{"count":0,"href":"https:\/\/hostnetart.com.br\/baixada\/wp-json\/wp\/v2\/posts\/3237\/revisions"}],"wp:featuredmedia":[{"embeddable":true,"href":"https:\/\/hostnetart.com.br\/baixada\/wp-json\/wp\/v2\/media\/3236"}],"wp:attachment":[{"href":"https:\/\/hostnetart.com.br\/baixada\/wp-json\/wp\/v2\/media?parent=3237"}],"wp:term":[{"taxonomy":"category","embeddable":true,"href":"https:\/\/hostnetart.com.br\/baixada\/wp-json\/wp\/v2\/categories?post=3237"},{"taxonomy":"post_tag","embeddable":true,"href":"https:\/\/hostnetart.com.br\/baixada\/wp-json\/wp\/v2\/tags?post=3237"}],"curies":[{"name":"wp","href":"https:\/\/api.w.org\/{rel}","templated":true}]}}