{"id":3235,"date":"2017-10-20T11:08:18","date_gmt":"2017-10-20T13:08:18","guid":{"rendered":"https:\/\/hostnetart.com.br\/baixada\/salario-de-novos-contratados-e-menor-que-remuneracao-de-demitidos\/"},"modified":"2017-10-20T11:08:18","modified_gmt":"2017-10-20T13:08:18","slug":"salario-de-novos-contratados-e-menor-que-remuneracao-de-demitidos","status":"publish","type":"post","link":"https:\/\/hostnetart.com.br\/baixada\/salario-de-novos-contratados-e-menor-que-remuneracao-de-demitidos\/","title":{"rendered":"Sal\u00e1rio de novos contratados \u00e9 menor que remunera\u00e7\u00e3o de demitidos"},"content":{"rendered":"<p><em><span style=\"text-decoration: underline;\">Emprego formal teve &#8220;alta&#8221; de 0,1% em setembro, sexto resultado positivo seguido, de acordo com o Minist\u00e9rio do Trabalho<\/span><\/em><\/p>\n<p>O mercado formal de trabalho abriu vagas em setembro, na sexta alta seguida, mas com um resultado que pode ser definido como estabilidade, com varia\u00e7\u00e3o de 0,1% sobre o m\u00eas anterior. De acordo com o Cadastro Geral de Empregados e Desempregados (Caged), divulgado na tarde de hoje (19) pelo Minist\u00e9rio do Trabalho, foram abertos 34.392 empregos com carteira assinada, com 1.148.307 contrata\u00e7\u00f5es e 1.113.905 demiss\u00f5es.<\/p>\n<p>Pelos dados do Caged, o sal\u00e1rio de quem \u00e9 demitido supera a remunera\u00e7\u00e3o dos contratados. O sal\u00e1rio m\u00e9dio de admiss\u00e3o em setembro foi de R$ 1.478,52, enquanto o de demiss\u00e3o foi de R$ 1.685,37. <\/p>\n<p>No ano, o saldo \u00e9 de 208.874 postos de trabalho, com pequena expans\u00e3o (0,5%) sobre o estoque de dezembro de 2016. Em 12 meses, o pa\u00eds perde 466.654 vagas com carteira (-1,2%), diminuindo o ritmo de queda.<\/p>\n<p>Dos oito setores analisados, quatro tiveram crescimento no m\u00eas passado, com destaque para a ind\u00fastria de transforma\u00e7\u00e3o (saldo de 25.684 empregos, sendo 16.982 apenas no segmento de produtos aliment\u00edcios) e o com\u00e9rcio (15.040). Servi\u00e7os (3.743) e constru\u00e7\u00e3o civil (380) tamb\u00e9m registram aumento no n\u00famero de postos de trabalho.<\/p>\n<p>Tiveram resultado negativo a agropecu\u00e1ria (-8.372), servi\u00e7os industriais de utilidade p\u00fablica (-1.246; a \u00e1rea envolve atividades relacionadas a g\u00e1s e esgoto), administra\u00e7\u00e3o p\u00fablica (-704) e o setor extrativo-mineral (-133).<\/p>\n<p>O Caged registrou expans\u00e3o em 20 das 27 unidades da federa\u00e7\u00e3o. Pernambuco criou 13.992 empregos formais, impulsionado pela ind\u00fastria e pela agropecu\u00e1ria, principalmente. As principais retra\u00e7\u00f5es vieram do Rio de Janeiro (-4.769) e de Minas Gerais (-4.291).<\/p>\n<p><strong>Fonte: Rede Brasil Atual<\/strong><\/p>\n","protected":false},"excerpt":{"rendered":"<p>Emprego formal teve &#8220;alta&#8221; de 0,1% em setembro, sexto resultado positivo seguido, de acordo com o Minist\u00e9rio do Trabalho O mercado formal de trabalho abriu vagas em setembro, na sexta alta seguida, mas com um resultado que pode ser definido como estabilidade, com varia\u00e7\u00e3o de 0,1% sobre o m\u00eas anterior. De acordo com o Cadastro [&hellip;]<\/p>\n","protected":false},"author":2,"featured_media":3234,"comment_status":"","ping_status":"","sticky":false,"template":"","format":"standard","meta":{"footnotes":""},"categories":[3],"tags":[],"class_list":["post-3235","post","type-post","status-publish","format-standard","has-post-thumbnail","hentry","category-noticias"],"_links":{"self":[{"href":"https:\/\/hostnetart.com.br\/baixada\/wp-json\/wp\/v2\/posts\/3235","targetHints":{"allow":["GET"]}}],"collection":[{"href":"https:\/\/hostnetart.com.br\/baixada\/wp-json\/wp\/v2\/posts"}],"about":[{"href":"https:\/\/hostnetart.com.br\/baixada\/wp-json\/wp\/v2\/types\/post"}],"author":[{"embeddable":true,"href":"https:\/\/hostnetart.com.br\/baixada\/wp-json\/wp\/v2\/users\/2"}],"replies":[{"embeddable":true,"href":"https:\/\/hostnetart.com.br\/baixada\/wp-json\/wp\/v2\/comments?post=3235"}],"version-history":[{"count":0,"href":"https:\/\/hostnetart.com.br\/baixada\/wp-json\/wp\/v2\/posts\/3235\/revisions"}],"wp:featuredmedia":[{"embeddable":true,"href":"https:\/\/hostnetart.com.br\/baixada\/wp-json\/wp\/v2\/media\/3234"}],"wp:attachment":[{"href":"https:\/\/hostnetart.com.br\/baixada\/wp-json\/wp\/v2\/media?parent=3235"}],"wp:term":[{"taxonomy":"category","embeddable":true,"href":"https:\/\/hostnetart.com.br\/baixada\/wp-json\/wp\/v2\/categories?post=3235"},{"taxonomy":"post_tag","embeddable":true,"href":"https:\/\/hostnetart.com.br\/baixada\/wp-json\/wp\/v2\/tags?post=3235"}],"curies":[{"name":"wp","href":"https:\/\/api.w.org\/{rel}","templated":true}]}}