{"id":3233,"date":"2017-10-19T16:02:15","date_gmt":"2017-10-19T18:02:15","guid":{"rendered":"https:\/\/hostnetart.com.br\/baixada\/trabalhadores-coletam-assinaturas-pela-anulacao-da-reforma-trabalhista\/"},"modified":"2017-10-19T16:02:15","modified_gmt":"2017-10-19T18:02:15","slug":"trabalhadores-coletam-assinaturas-pela-anulacao-da-reforma-trabalhista","status":"publish","type":"post","link":"https:\/\/hostnetart.com.br\/baixada\/trabalhadores-coletam-assinaturas-pela-anulacao-da-reforma-trabalhista\/","title":{"rendered":"Trabalhadores coletam assinaturas pela anula\u00e7\u00e3o da Reforma Trabalhista"},"content":{"rendered":"<p>A Confedera\u00e7\u00e3o Nacional dos Trabalhadores do Ramo Financeiro (Contraf-CUT) participa da Campanha Nacional pela anula\u00e7\u00e3o da Reforma Trabalhista, a\u00e7\u00e3o estrat\u00e9gica da Central \u00danica dos Trabalhadores (CUT), que tem o objetivo de combater \u00e0 retirada de direitos pelo governo golpista. A iniciativa visa arrecadar 1,5 milh\u00e3o de assinaturas contra a nova lei e fortalecer a grande manifesta\u00e7\u00e3o, marcada para o dia 10 de novembro, em Bras\u00edlia. <\/p>\n<p>No dia 27 de outubro, ser\u00e1 realizado o Dia Nacional da Coleta de Assinaturas. \u201c\u00c9 muito importante que todos assinem esse documento e participem da mobiliza\u00e7\u00e3o para que possamos barrar a reforma trabalhista, que s\u00f3 tira direitos do trabalhador. N\u00f3s, banc\u00e1rios, j\u00e1 aderimos \u00e0 essa campanha\u201d, afirmou Roberto von der Osten, presidente da Contraf-CUT.<br \/>A CUT disponibilizou tr\u00eas documentos com orienta\u00e7\u00f5es para todas as entidades. O primeiro \u00e9 sobre as Estaduais e Ramos sobre a import\u00e2ncia de envolver os sindicatos na campanha e os procedimentos para organizar o material que ser\u00e1 levado \u00e0 Bras\u00edlia. \u00a0<br \/>O segundo documento \u00e9 o Projeto de Lei de iniciativa Popular pela anula\u00e7\u00e3o da legisla\u00e7\u00e3o, que retira direitos fundamentais dos\/as trabalhadores\/as. O terceiro, \u00e9 sobre as Resolu\u00e7\u00f5es contra a reforma Trabalhista aprovadas no Congresso Extraordin\u00e1rio e Exclusivo.<\/p>\n<p><strong>Fonte: Contraf-CUT<\/strong><\/p>\n","protected":false},"excerpt":{"rendered":"<p>A Confedera\u00e7\u00e3o Nacional dos Trabalhadores do Ramo Financeiro (Contraf-CUT) participa da Campanha Nacional pela anula\u00e7\u00e3o da Reforma Trabalhista, a\u00e7\u00e3o estrat\u00e9gica da Central \u00danica dos Trabalhadores (CUT), que tem o objetivo de combater \u00e0 retirada de direitos pelo governo golpista. A iniciativa visa arrecadar 1,5 milh\u00e3o de assinaturas contra a nova lei e fortalecer a grande [&hellip;]<\/p>\n","protected":false},"author":2,"featured_media":3232,"comment_status":"","ping_status":"","sticky":false,"template":"","format":"standard","meta":{"footnotes":""},"categories":[3],"tags":[],"class_list":["post-3233","post","type-post","status-publish","format-standard","has-post-thumbnail","hentry","category-noticias"],"_links":{"self":[{"href":"https:\/\/hostnetart.com.br\/baixada\/wp-json\/wp\/v2\/posts\/3233","targetHints":{"allow":["GET"]}}],"collection":[{"href":"https:\/\/hostnetart.com.br\/baixada\/wp-json\/wp\/v2\/posts"}],"about":[{"href":"https:\/\/hostnetart.com.br\/baixada\/wp-json\/wp\/v2\/types\/post"}],"author":[{"embeddable":true,"href":"https:\/\/hostnetart.com.br\/baixada\/wp-json\/wp\/v2\/users\/2"}],"replies":[{"embeddable":true,"href":"https:\/\/hostnetart.com.br\/baixada\/wp-json\/wp\/v2\/comments?post=3233"}],"version-history":[{"count":0,"href":"https:\/\/hostnetart.com.br\/baixada\/wp-json\/wp\/v2\/posts\/3233\/revisions"}],"wp:featuredmedia":[{"embeddable":true,"href":"https:\/\/hostnetart.com.br\/baixada\/wp-json\/wp\/v2\/media\/3232"}],"wp:attachment":[{"href":"https:\/\/hostnetart.com.br\/baixada\/wp-json\/wp\/v2\/media?parent=3233"}],"wp:term":[{"taxonomy":"category","embeddable":true,"href":"https:\/\/hostnetart.com.br\/baixada\/wp-json\/wp\/v2\/categories?post=3233"},{"taxonomy":"post_tag","embeddable":true,"href":"https:\/\/hostnetart.com.br\/baixada\/wp-json\/wp\/v2\/tags?post=3233"}],"curies":[{"name":"wp","href":"https:\/\/api.w.org\/{rel}","templated":true}]}}