{"id":3231,"date":"2017-10-19T16:00:05","date_gmt":"2017-10-19T18:00:05","guid":{"rendered":"https:\/\/hostnetart.com.br\/baixada\/bancos-publicos-sao-ferramentas-de-distribuicao-de-renda-e-oportunidades-afirma-roberto-von-der-osten\/"},"modified":"2017-10-19T16:00:05","modified_gmt":"2017-10-19T18:00:05","slug":"bancos-publicos-sao-ferramentas-de-distribuicao-de-renda-e-oportunidades-afirma-roberto-von-der-osten","status":"publish","type":"post","link":"https:\/\/hostnetart.com.br\/baixada\/bancos-publicos-sao-ferramentas-de-distribuicao-de-renda-e-oportunidades-afirma-roberto-von-der-osten\/","title":{"rendered":"&#8216;Bancos p\u00fablicos s\u00e3o ferramentas de distribui\u00e7\u00e3o de renda e oportunidades&#8217;, afirma Roberto von der Osten"},"content":{"rendered":"<p><em><span style=\"text-decoration: underline;\">&#8220;As pessoas sabem que banco privado empresta dinheiro para quem j\u00e1 tem dinheiro. J\u00e1 os bancos p\u00fablicos atuam nos grot\u00f5es levando investimento&#8221;, diz presidente da Contraf-CUT<\/span><\/em><\/p>\n<p>Os banc\u00e1rios participaram, na noite desta quarta-feira (18), de uma audi\u00eancia p\u00fablica na C\u00e2mara dos Vereadores de S\u00e3o Paulo. O tema do debate foi a import\u00e2ncia dos bancos p\u00fablicos e suas relev\u00e2ncias para a implanta\u00e7\u00e3o de pol\u00edticas sociais no pa\u00eds. O encontro foi realizado a partir de uma solicita\u00e7\u00e3o do vereador Antonio Donato (PT) e presidido pelo tamb\u00e9m petista Alfredinho. A iniciativa vem a pedido do Sindicato dos Banc\u00e1rios de S\u00e3o Paulo, Osasco e Regi\u00e3o e \u00e9 a quarta reuni\u00e3o com essa finalidade, depois encontros realizados em Embu das Artes, Carapicu\u00edba e Barueri, na Grande S\u00e3o Paulo. Entidades da categoria t\u00eam orientado a realiza\u00e7\u00e3o de audi\u00eancia como essas em v\u00e1rias regi\u00f5es do pa\u00eds.&#8221;<\/p>\n<p>A presidenta do Sindicato dos Banc\u00e1rios e Financi\u00e1rios de S\u00e3o Paulo, Osasco e Regi\u00e3o, Ivone Silva, afirmou que &#8220;bancos privados se concentram onde est\u00e1 o grande capital. No centro, na Avenida Paulista. Agora, nas periferias, o que voc\u00ea v\u00ea s\u00e3o os bancos p\u00fablicos que atendem dignamente \u00e0 popula\u00e7\u00e3o. Precisamos sim de bancos p\u00fablicos&#8221;.<\/p>\n<p>&#8220;Estamos levantando este debate pelo pa\u00eds todo. \u00c9 importante conversar com toda a popula\u00e7\u00e3o para dizer o que a m\u00eddia n\u00e3o diz. Isso porque ningu\u00e9m recebe essas informa\u00e7\u00f5es pela m\u00eddia. O que voc\u00ea v\u00ea \u00e9 que empresa p\u00fablica n\u00e3o presta, ent\u00e3o tem que privatizar. Dizem isso o tempo todo. Cortam funcion\u00e1rios, fecham ag\u00eancias, justamente para dizer que tem que privatizar. Mas sabemos o tipo de tratamento que os bancos privados d\u00e3o para a popula\u00e7\u00e3o mais pobre: nem entram, nem passam pela porta girat\u00f3ria&#8221;, completou Ivone.<\/p>\n<p>Contra a ret\u00f3rica difundida na opini\u00e3o p\u00fablica de que o privado funciona melhor, o presidente da Confedera\u00e7\u00e3o Nacional dos Trabalhadores do Ramo Financeiro (Contraf-CUT), Roberto von der Osten, disse que &#8220;s\u00e3o 180 pa\u00edses que t\u00eam bancos p\u00fablicos. Ent\u00e3o, tem que dizer que esses 180 pa\u00edses est\u00e3o equivocados. Mas n\u00e3o dizem que, nas crises, nas dificuldades e no desenvolvimento, todos os polos utilizam de ferramentas p\u00fablicas de distribui\u00e7\u00e3o de renda e oportunidades&#8221;.<\/p>\n<p>&#8220;O que est\u00e1 sendo dito para privatizar os bancos p\u00fablicos s\u00e3o mentiras&#8221;, acrescenta. &#8220;Nossa campanha diz que o p\u00fablico \u00e9 para todos e o privado para poucos. Cada um dos bancos, privados e p\u00fablicos, tem um espa\u00e7o no sistema financeiro. Nossa defesa n\u00e3o \u00e9 corporativista, mas tamb\u00e9m estamos defendendo os empregos. Os empregados de bancos p\u00fablicos s\u00e3o metade dos trabalhadores do sistema.&#8221;<\/p>\n<p>O dirigente criticou a &#8220;op\u00e7\u00e3o do Brasil em n\u00e3o fomentar o desenvolvimento&#8221;. Para o sindicalista, problema ainda maior \u00e9 que tal decis\u00e3o n\u00e3o passa pelo crivo popular. &#8220;Curiosamente, esses governos que dizem defender o capital e combater comunistas e &#8216;petralhas&#8217; est\u00e3o vendendo ativos brasileiros para bancos p\u00fablicos da China, um Estado comunista.&#8221;<\/p>\n<p>&#8220;As pessoas t\u00eam que saber que o que move um banco privado \u00e9 rentabilidade, liquidez, risco e consentimento de juros escabrosos. As pessoas sabem que banco privado empresta dinheiro para quem j\u00e1 tem dinheiro. J\u00e1 os bancos p\u00fablicos atuam nos grot\u00f5es levando investimento, 70% dos alimentos na mesa do trabalhador s\u00e3o produzidos por meio de programas de bancos p\u00fablicos. Habita\u00e7\u00e3o de baixa renda \u00e9 feita por banco p\u00fablico. Querem acabar com isso&#8221;, completou.<\/p>\n<p>&#8220;Moro na regi\u00e3o de Interlagos e percebi, nos \u00faltimos meses, que duas ag\u00eancias da Caixa foram fechadas e mais uma outra do Banco do Brasil. Est\u00e3o desmontando essas estruturas em todo o Brasil (&#8230;) Tenho uma sobrinha que trabalha em um banco p\u00fablico, no Piau\u00ed. Durante o governo Lula, ela sa\u00eda para levar propostas de empr\u00e9stimos para pequenos agricultores no meio da ro\u00e7a. Banco privado n\u00e3o faz isso&#8221;, disse Alfredinho.<\/p>\n<p>&#8220;O banco p\u00fablico \u00e9 nosso, um patrim\u00f4nio do povo brasileiro&#8221;, afirmou a vereadora Juliana Cardoso (PT). &#8220;Muitas pessoas est\u00e3o buscando entender a rela\u00e7\u00e3o dos bancos p\u00fablicos com a quest\u00e3o de alimenta\u00e7\u00e3o, habita\u00e7\u00e3o, tudo que eles desenvolvem na sociedade&#8221;, disse.<\/p>\n<p>&#8220;Tem tamb\u00e9m a rela\u00e7\u00e3o dos pr\u00f3prios funcion\u00e1rios. Temos um alto desemprego e eles querem privatizar para reduzir o quadro pessoal. Est\u00e3o colocando em cima dos trabalhadores uma enorme sobrecarga e fazendo isso agora para mostrar que os bancos n\u00e3o funcionam, como se tivesse que privatizar para poder funcionar. Sabemos que isso \u00e9 mentira&#8221;, finalizou a petista.<br \/>\u00a0<\/p>\n<p><strong>Fonte: Contraf-CUT, com Rede Brasil Atual<\/strong><\/p>\n","protected":false},"excerpt":{"rendered":"<p>&#8220;As pessoas sabem que banco privado empresta dinheiro para quem j\u00e1 tem dinheiro. J\u00e1 os bancos p\u00fablicos atuam nos grot\u00f5es levando investimento&#8221;, diz presidente da Contraf-CUT Os banc\u00e1rios participaram, na noite desta quarta-feira (18), de uma audi\u00eancia p\u00fablica na C\u00e2mara dos Vereadores de S\u00e3o Paulo. O tema do debate foi a import\u00e2ncia dos bancos p\u00fablicos [&hellip;]<\/p>\n","protected":false},"author":2,"featured_media":3230,"comment_status":"","ping_status":"","sticky":false,"template":"","format":"standard","meta":{"footnotes":""},"categories":[3],"tags":[],"class_list":["post-3231","post","type-post","status-publish","format-standard","has-post-thumbnail","hentry","category-noticias"],"_links":{"self":[{"href":"https:\/\/hostnetart.com.br\/baixada\/wp-json\/wp\/v2\/posts\/3231","targetHints":{"allow":["GET"]}}],"collection":[{"href":"https:\/\/hostnetart.com.br\/baixada\/wp-json\/wp\/v2\/posts"}],"about":[{"href":"https:\/\/hostnetart.com.br\/baixada\/wp-json\/wp\/v2\/types\/post"}],"author":[{"embeddable":true,"href":"https:\/\/hostnetart.com.br\/baixada\/wp-json\/wp\/v2\/users\/2"}],"replies":[{"embeddable":true,"href":"https:\/\/hostnetart.com.br\/baixada\/wp-json\/wp\/v2\/comments?post=3231"}],"version-history":[{"count":0,"href":"https:\/\/hostnetart.com.br\/baixada\/wp-json\/wp\/v2\/posts\/3231\/revisions"}],"wp:featuredmedia":[{"embeddable":true,"href":"https:\/\/hostnetart.com.br\/baixada\/wp-json\/wp\/v2\/media\/3230"}],"wp:attachment":[{"href":"https:\/\/hostnetart.com.br\/baixada\/wp-json\/wp\/v2\/media?parent=3231"}],"wp:term":[{"taxonomy":"category","embeddable":true,"href":"https:\/\/hostnetart.com.br\/baixada\/wp-json\/wp\/v2\/categories?post=3231"},{"taxonomy":"post_tag","embeddable":true,"href":"https:\/\/hostnetart.com.br\/baixada\/wp-json\/wp\/v2\/tags?post=3231"}],"curies":[{"name":"wp","href":"https:\/\/api.w.org\/{rel}","templated":true}]}}