{"id":3229,"date":"2017-10-19T03:56:26","date_gmt":"2017-10-19T05:56:26","guid":{"rendered":"https:\/\/hostnetart.com.br\/baixada\/gt-de-saude-e-condicoes-de-trabalho-do-itau-debatem-propostas-de-mudanca-para-o-programa-de-readaptacao\/"},"modified":"2017-10-19T03:56:26","modified_gmt":"2017-10-19T05:56:26","slug":"gt-de-saude-e-condicoes-de-trabalho-do-itau-debatem-propostas-de-mudanca-para-o-programa-de-readaptacao","status":"publish","type":"post","link":"https:\/\/hostnetart.com.br\/baixada\/gt-de-saude-e-condicoes-de-trabalho-do-itau-debatem-propostas-de-mudanca-para-o-programa-de-readaptacao\/","title":{"rendered":"GT de Sa\u00fade e Condi\u00e7\u00f5es de Trabalho do Ita\u00fa debatem propostas de mudan\u00e7a para o Programa de Readapta\u00e7\u00e3o"},"content":{"rendered":"<p>O Grupo de Trabalho (GT) de Sa\u00fade e Condi\u00e7\u00f5es de Trabalho do Ita\u00fa voltou a se reunir, nesta quarta-feira (18), para tratar sobre o Programa de Readapta\u00e7\u00e3o, institu\u00eddo pelo banco sem a participa\u00e7\u00e3o do movimento sindical.<\/p>\n<p>A cl\u00e1usula 45 da Conven\u00e7\u00e3o Coletiva de Trabalho assegura a institui\u00e7\u00e3o de programas de retorno ao trabalho, em conjunto com o movimento sindical, banco a banco.<\/p>\n<p>Os representantes dos trabalhadores entregaram ao banco uma proposta de mudan\u00e7a para o Programa de Readapta\u00e7\u00e3o, com a inclus\u00e3o de cl\u00e1usulas que garantem a prote\u00e7\u00e3o do trabalhador.<\/p>\n<p>\u201cN\u00f3s queremos que o programa inclua a participa\u00e7\u00e3o dos representantes dos trabalhadores para garantir sa\u00fade e condi\u00e7\u00f5es de trabalho dos funcion\u00e1rios inseridos no programa\u201d, explicou Adma Gomes, coordenadora do GT.<\/p>\n<p>Dentre as propostas, o movimento sindical reivindica que a avalia\u00e7\u00e3o do trabalho desse funcion\u00e1rio deve ser diferenciada. \u201cO trabalhador que teve sua capacidade laborativa reduzida necessita de um tempo para se readaptar a esta nova realidade\u201d, afirmou J\u00f4 Ara\u00fajo, dirigente do Sindicato dos Banc\u00e1rios do Rio de Janeiro.<\/p>\n<p>Foi debatido ainda a cl\u00e1usula 29 da CCT. A proposta do movimento sindical \u00e9 o parcelamento da d\u00edvida do funcion\u00e1rio quando estiver afastado. \u201cUm dos problemas do endividamento dos trabalhadores \u00e9 causado pelo sistema de entrega de documenta\u00e7\u00e3o do banco na hora do afastamento. Reivindicamos que os funcion\u00e1rios n\u00e3o sejam penalizados por esses erros\u201d, disse Carlos Damarindo, dirigente do Sindicato dos Banc\u00e1rios de S\u00e3o Paulo.<\/p>\n<p>Os sindicalistas apresentaram tamb\u00e9m den\u00fancias de suspens\u00e3o do pagamento do aux\u00edlio cesta alimenta\u00e7\u00e3o, garantido pela cl\u00e1usula 15 da CCT, quando o INSS indefere o benef\u00edcio.<\/p>\n<p>O banco se comprometeu a analisar as quest\u00f5es e dar o retorno na pr\u00f3xima reuni\u00e3o, marcada para o dia 28 de novembro.<\/p>\n<p><strong>Fonte: Contraf-CUT<\/strong><\/p>\n","protected":false},"excerpt":{"rendered":"<p>O Grupo de Trabalho (GT) de Sa\u00fade e Condi\u00e7\u00f5es de Trabalho do Ita\u00fa voltou a se reunir, nesta quarta-feira (18), para tratar sobre o Programa de Readapta\u00e7\u00e3o, institu\u00eddo pelo banco sem a participa\u00e7\u00e3o do movimento sindical. A cl\u00e1usula 45 da Conven\u00e7\u00e3o Coletiva de Trabalho assegura a institui\u00e7\u00e3o de programas de retorno ao trabalho, em conjunto [&hellip;]<\/p>\n","protected":false},"author":2,"featured_media":3228,"comment_status":"","ping_status":"","sticky":false,"template":"","format":"standard","meta":{"footnotes":""},"categories":[3],"tags":[],"class_list":["post-3229","post","type-post","status-publish","format-standard","has-post-thumbnail","hentry","category-noticias"],"_links":{"self":[{"href":"https:\/\/hostnetart.com.br\/baixada\/wp-json\/wp\/v2\/posts\/3229","targetHints":{"allow":["GET"]}}],"collection":[{"href":"https:\/\/hostnetart.com.br\/baixada\/wp-json\/wp\/v2\/posts"}],"about":[{"href":"https:\/\/hostnetart.com.br\/baixada\/wp-json\/wp\/v2\/types\/post"}],"author":[{"embeddable":true,"href":"https:\/\/hostnetart.com.br\/baixada\/wp-json\/wp\/v2\/users\/2"}],"replies":[{"embeddable":true,"href":"https:\/\/hostnetart.com.br\/baixada\/wp-json\/wp\/v2\/comments?post=3229"}],"version-history":[{"count":0,"href":"https:\/\/hostnetart.com.br\/baixada\/wp-json\/wp\/v2\/posts\/3229\/revisions"}],"wp:featuredmedia":[{"embeddable":true,"href":"https:\/\/hostnetart.com.br\/baixada\/wp-json\/wp\/v2\/media\/3228"}],"wp:attachment":[{"href":"https:\/\/hostnetart.com.br\/baixada\/wp-json\/wp\/v2\/media?parent=3229"}],"wp:term":[{"taxonomy":"category","embeddable":true,"href":"https:\/\/hostnetart.com.br\/baixada\/wp-json\/wp\/v2\/categories?post=3229"},{"taxonomy":"post_tag","embeddable":true,"href":"https:\/\/hostnetart.com.br\/baixada\/wp-json\/wp\/v2\/tags?post=3229"}],"curies":[{"name":"wp","href":"https:\/\/api.w.org\/{rel}","templated":true}]}}