{"id":3227,"date":"2017-10-19T03:55:07","date_gmt":"2017-10-19T05:55:07","guid":{"rendered":"https:\/\/hostnetart.com.br\/baixada\/bradesco-atende-reivindicacao-sobre-vr\/"},"modified":"2017-10-19T03:55:07","modified_gmt":"2017-10-19T05:55:07","slug":"bradesco-atende-reivindicacao-sobre-vr","status":"publish","type":"post","link":"https:\/\/hostnetart.com.br\/baixada\/bradesco-atende-reivindicacao-sobre-vr\/","title":{"rendered":"Bradesco atende reivindica\u00e7\u00e3o sobre VR"},"content":{"rendered":"<p>O Bradesco emitiu um comunicado aos seus funcion\u00e1rios nesta quarta-feira (18) informando sobre a possibilidade de transfer\u00eancia de valores do vale-alimenta\u00e7\u00e3o (VA) para o vale-refei\u00e7\u00e3o (VR), sem a necessidade de autoriza\u00e7\u00e3o do gestor. A medida foi tomada em atendimento \u00e0 solicita\u00e7\u00e3o da Confedera\u00e7\u00e3o Nacional dos Trabalhadores do Ramo Financeiro (Contraf-CUT) em mesa de negocia\u00e7\u00e3o com o banco.<\/p>\n<p>\u201cFuncion\u00e1rios mais jovens nos procuraram e disseram que metade do m\u00eas acaba o valor de seus cart\u00f5es de refei\u00e7\u00e3o. Eles utilizam mais o VR pois precisam almo\u00e7ar e lanchar antes ou depois da faculdade. J\u00e1 os mais velhos, acabam preferindo utilizar os valores como VA para despesas. Apresentamos a demanda para o banco, que ficou de analisar a possibilidade e, agora veio a resposta\u201d, afirmou Sandra Regina, dirigente do Sindicato dos Banc\u00e1rios de S\u00e3o Paulo, Osasco e Regi\u00e3o.<\/p>\n<p>Para o coordenador da Comiss\u00e3o de Organiza\u00e7\u00e3o dos Empregados (COE) do Bradesco, Gheorge Vitti, o atendimento a esta demanda vai al\u00e9m da conquista da possibilidade de transfer\u00eancia de valores entre os dois tipos de vales. \u201c\u00c9 uma indica\u00e7\u00e3o de que a dire\u00e7\u00e3o do banco percebeu que nossas reivindica\u00e7\u00f5es contribuem com o cotidiano de trabalho dos funcion\u00e1rios\u201d, explicou.<\/p>\n<p><strong><em>Como funciona<\/em><\/strong><br \/>Os banc\u00e1rios que quiserem transferir recursos do VA para o VR precisam acessar o sistema SAP at\u00e9 o dia 10 de cada m\u00eas para fazer a solicita\u00e7\u00e3o. Os valores ser\u00e3o creditados no antepen\u00faltimo dia do m\u00eas. Se a solicita\u00e7\u00e3o for feita ap\u00f3s essa data, o cr\u00e9dito ser\u00e1 efetuado no antepen\u00faltimo dia do m\u00eas subsequente.<\/p>\n<p>Mas, n\u00e3o \u00e9 permitido zerar o valor no cart\u00e3o de VA. \u00c9 preciso que reste ao menos alguns centavos no cart\u00e3o.<\/p>\n<p>A transfer\u00eancia de valores do VR para o VA j\u00e1 era permitida e vai continuar sendo, bastando o trabalhador fazer a solicita\u00e7\u00e3o pelo sistema SAP.<\/p>\n<p><strong>Fonte: Contraf-CUT<\/strong><\/p>\n","protected":false},"excerpt":{"rendered":"<p>O Bradesco emitiu um comunicado aos seus funcion\u00e1rios nesta quarta-feira (18) informando sobre a possibilidade de transfer\u00eancia de valores do vale-alimenta\u00e7\u00e3o (VA) para o vale-refei\u00e7\u00e3o (VR), sem a necessidade de autoriza\u00e7\u00e3o do gestor. A medida foi tomada em atendimento \u00e0 solicita\u00e7\u00e3o da Confedera\u00e7\u00e3o Nacional dos Trabalhadores do Ramo Financeiro (Contraf-CUT) em mesa de negocia\u00e7\u00e3o com [&hellip;]<\/p>\n","protected":false},"author":2,"featured_media":3226,"comment_status":"","ping_status":"","sticky":false,"template":"","format":"standard","meta":{"footnotes":""},"categories":[3],"tags":[],"class_list":["post-3227","post","type-post","status-publish","format-standard","has-post-thumbnail","hentry","category-noticias"],"_links":{"self":[{"href":"https:\/\/hostnetart.com.br\/baixada\/wp-json\/wp\/v2\/posts\/3227","targetHints":{"allow":["GET"]}}],"collection":[{"href":"https:\/\/hostnetart.com.br\/baixada\/wp-json\/wp\/v2\/posts"}],"about":[{"href":"https:\/\/hostnetart.com.br\/baixada\/wp-json\/wp\/v2\/types\/post"}],"author":[{"embeddable":true,"href":"https:\/\/hostnetart.com.br\/baixada\/wp-json\/wp\/v2\/users\/2"}],"replies":[{"embeddable":true,"href":"https:\/\/hostnetart.com.br\/baixada\/wp-json\/wp\/v2\/comments?post=3227"}],"version-history":[{"count":0,"href":"https:\/\/hostnetart.com.br\/baixada\/wp-json\/wp\/v2\/posts\/3227\/revisions"}],"wp:featuredmedia":[{"embeddable":true,"href":"https:\/\/hostnetart.com.br\/baixada\/wp-json\/wp\/v2\/media\/3226"}],"wp:attachment":[{"href":"https:\/\/hostnetart.com.br\/baixada\/wp-json\/wp\/v2\/media?parent=3227"}],"wp:term":[{"taxonomy":"category","embeddable":true,"href":"https:\/\/hostnetart.com.br\/baixada\/wp-json\/wp\/v2\/categories?post=3227"},{"taxonomy":"post_tag","embeddable":true,"href":"https:\/\/hostnetart.com.br\/baixada\/wp-json\/wp\/v2\/tags?post=3227"}],"curies":[{"name":"wp","href":"https:\/\/api.w.org\/{rel}","templated":true}]}}