{"id":3223,"date":"2017-10-19T03:49:01","date_gmt":"2017-10-19T05:49:01","guid":{"rendered":"https:\/\/hostnetart.com.br\/baixada\/contraf-cut-lanca-campanha-nacional-de-combate-a-discriminacao\/"},"modified":"2017-10-19T03:49:01","modified_gmt":"2017-10-19T05:49:01","slug":"contraf-cut-lanca-campanha-nacional-de-combate-a-discriminacao","status":"publish","type":"post","link":"https:\/\/hostnetart.com.br\/baixada\/contraf-cut-lanca-campanha-nacional-de-combate-a-discriminacao\/","title":{"rendered":"Contraf-CUT lan\u00e7a Campanha Nacional de Combate \u00e0 Discrimina\u00e7\u00e3o"},"content":{"rendered":"<p>A Confedera\u00e7\u00e3o Nacional dos Trabalhadores do Ramo Financeiro (Contraf-CUT) lan\u00e7ou, nesta quarta-feira (18), a Campanha Nacional de Combate \u00e0 Discrimina\u00e7\u00e3o nos Bancos com o objetivo de valorizar os trabalhadores de todos os g\u00eaneros, ra\u00e7as e com defici\u00eancia.<\/p>\n<p>Idealizada pelo Coletivo de G\u00eanero, Ra\u00e7a, Orienta\u00e7\u00e3o Sexual e Trabalhadores e Trabalhadoras com Defici\u00eancia (CGROS), em parceria com a Secretaria de Comunica\u00e7\u00e3o da Contraf-CUT, a campanha visa informar sobre a import\u00e2ncia de levar o debate sobre os valores humanos \u00e0 sociedade como um todo, n\u00e3o apenas ao movimento sindical. As artes da campanha est\u00e3o dispon\u00edveis na se\u00e7\u00e3o de download do site da Contraf-CUT.<\/p>\n<p>\u201cEssa campanha n\u00e3o deixou de ser de luta e ficou muito mais corajosa. Trouxemos esse conceito numa forma bonita, compreens\u00edvel e f\u00e1cil de divulgar. A nossa campanha \u00e9 absolutamente oportuna, j\u00e1 que estamos num momento que o \u00f3dio apareceu com muita for\u00e7a, principalmente o \u00f3dio entre classes, nesse cen\u00e1rio de golpe\u201d, afirmou o presidente da Contraf-CUT, Roberto von der Osten.<\/p>\n<p>De acordo com o secret\u00e1rio de Comunica\u00e7\u00e3o da Contraf-CUT, Gerson Carlos Pereira, a ideia da campanha foi criar uma marca que valorizasse, acima de tudo, a condi\u00e7\u00e3o humana do indiv\u00edduo e do conjunto, dentro das tend\u00eancias de comunica\u00e7\u00e3o mundial. \u201cQueremos que essa campanha chegue \u00e0 sociedade e se propague nos ve\u00edculos digitais, redes sociais etc\u201d, explicou.<\/p>\n<p>Para Almir Aguiar, secret\u00e1rio de Combate ao Racismo, \u00e9 importante levar o debate para as mesas de negocia\u00e7\u00e3o da Federa\u00e7\u00e3o Nacional dos Bancos (Fenaban). \u201cN\u00f3s sabemos que a cor da pele tem sido uma dificuldade para que os banc\u00e1rios consigam a ascens\u00e3o profissional. Os bancos sempre justificam a dificuldade de colocar banc\u00e1rios negros em grandes cargos com \u00e0 baixa qualifica\u00e7\u00e3o. Mas, n\u00f3s sabemos que o governo Lula proporcionou ao povo negro que muitos se formassem ao longo desses anos, ent\u00e3o, tem pessoas qualificadas que podem entrar nesse sistema. Infelizmente, o que acontece \u00e9 realmente um preconceito\u201d, disse.<\/p>\n<p>De acordo com Elaine Cutis, secretaria da Mulher, as dificuldades sentidas nas negocia\u00e7\u00f5es, nos \u00faltimos meses, motivaram o lan\u00e7amento da campanha. \u201cEsses acontecimentos e den\u00fancias de preconceito t\u00eam sido recorrentes e \u00e9 importante informar a popula\u00e7\u00e3o. Trouxemos essa campanha para levar esse debate a sociedade e acabar com a cultura de \u00f3dio\u201d, disse.<\/p>\n<p>A CGROS sentiu a necessidade de tratar esses temas de forma mais abrangente para a categoria. \u201cA discrimina\u00e7\u00e3o dentro dos bancos existe, tratam de forma desigual e segregam. At\u00e9 mesmo entre os nossos colegas tamb\u00e9m existe a discrimina\u00e7\u00e3o\u201d, disse Mauros Salles, secret\u00e1rio de Rela\u00e7\u00f5es de Trabalho da Contraf-CUT.<\/p>\n<p>As pessoas com defici\u00eancia representam um quarto da popula\u00e7\u00e3o brasileira. Cerca de 24 milh\u00f5es de pessoas ainda passam por situa\u00e7\u00f5es de constrangimento e discrimina\u00e7\u00e3o no pa\u00eds. \u201cA pessoa com defici\u00eancia (PCD) pode ser mulher, negra e LGBT, o que significa que essa pessoa \u00e9 triplamente discriminada. Temos que mudar essa ideia, mudar esse contexto para que pessoas com defici\u00eancia sejam mais valorizadas e, tamb\u00e9m, que n\u00e3o acabe com a lei de cotas. Com a terceiriza\u00e7\u00e3o, o mercado formal para PCD vai ficar defasado. A campanha visa valorizar a PCD\u201d, explicou Jos\u00e9 Roberto, coordenador do Coletivo Nacional dos Trabalhadores com defici\u00eancia da CUT.<\/p>\n<p>A campanha tamb\u00e9m enfatiza o aumento das discrimina\u00e7\u00f5es com as reformas, propostas pelo governo golpista. \u201cA sociedade em geral precisa entender o momento \u00fanico que n\u00f3s estamos vivendo para a gente continuar na luta contra os ataques aos nossos direitos, que est\u00e3o sendo amea\u00e7ados. Essas reformas n\u00e3o representam o conjunto dos trabalhadores. \u00c9 preciso continuar nessa luta por uma sociedade plural, justa e igualit\u00e1ria\u201d, afirmou o diretor executivo da Contraf-CUT, Adilson Barros.<\/p>\n<p><strong>Fonte: Contraf-CUT<\/strong><\/p>\n","protected":false},"excerpt":{"rendered":"<p>A Confedera\u00e7\u00e3o Nacional dos Trabalhadores do Ramo Financeiro (Contraf-CUT) lan\u00e7ou, nesta quarta-feira (18), a Campanha Nacional de Combate \u00e0 Discrimina\u00e7\u00e3o nos Bancos com o objetivo de valorizar os trabalhadores de todos os g\u00eaneros, ra\u00e7as e com defici\u00eancia. Idealizada pelo Coletivo de G\u00eanero, Ra\u00e7a, Orienta\u00e7\u00e3o Sexual e Trabalhadores e Trabalhadoras com Defici\u00eancia (CGROS), em parceria com [&hellip;]<\/p>\n","protected":false},"author":2,"featured_media":3222,"comment_status":"","ping_status":"","sticky":false,"template":"","format":"standard","meta":{"footnotes":""},"categories":[3],"tags":[],"class_list":["post-3223","post","type-post","status-publish","format-standard","has-post-thumbnail","hentry","category-noticias"],"_links":{"self":[{"href":"https:\/\/hostnetart.com.br\/baixada\/wp-json\/wp\/v2\/posts\/3223","targetHints":{"allow":["GET"]}}],"collection":[{"href":"https:\/\/hostnetart.com.br\/baixada\/wp-json\/wp\/v2\/posts"}],"about":[{"href":"https:\/\/hostnetart.com.br\/baixada\/wp-json\/wp\/v2\/types\/post"}],"author":[{"embeddable":true,"href":"https:\/\/hostnetart.com.br\/baixada\/wp-json\/wp\/v2\/users\/2"}],"replies":[{"embeddable":true,"href":"https:\/\/hostnetart.com.br\/baixada\/wp-json\/wp\/v2\/comments?post=3223"}],"version-history":[{"count":0,"href":"https:\/\/hostnetart.com.br\/baixada\/wp-json\/wp\/v2\/posts\/3223\/revisions"}],"wp:featuredmedia":[{"embeddable":true,"href":"https:\/\/hostnetart.com.br\/baixada\/wp-json\/wp\/v2\/media\/3222"}],"wp:attachment":[{"href":"https:\/\/hostnetart.com.br\/baixada\/wp-json\/wp\/v2\/media?parent=3223"}],"wp:term":[{"taxonomy":"category","embeddable":true,"href":"https:\/\/hostnetart.com.br\/baixada\/wp-json\/wp\/v2\/categories?post=3223"},{"taxonomy":"post_tag","embeddable":true,"href":"https:\/\/hostnetart.com.br\/baixada\/wp-json\/wp\/v2\/tags?post=3223"}],"curies":[{"name":"wp","href":"https:\/\/api.w.org\/{rel}","templated":true}]}}