{"id":3209,"date":"2017-10-17T12:55:01","date_gmt":"2017-10-17T14:55:01","guid":{"rendered":"https:\/\/hostnetart.com.br\/baixada\/nesta-quarta-empregados-da-caixa-lancam-campanha-do-vermelho-contra-privatizacao\/"},"modified":"2017-10-17T12:55:01","modified_gmt":"2017-10-17T14:55:01","slug":"nesta-quarta-empregados-da-caixa-lancam-campanha-do-vermelho-contra-privatizacao","status":"publish","type":"post","link":"https:\/\/hostnetart.com.br\/baixada\/nesta-quarta-empregados-da-caixa-lancam-campanha-do-vermelho-contra-privatizacao\/","title":{"rendered":"Nesta quarta, empregados da Caixa lan\u00e7am campanha do vermelho contra privatiza\u00e7\u00e3o"},"content":{"rendered":"<p>Ato p\u00fablico ser\u00e1 realizado no Largo da Carioca, junto ao pr\u00e9dio da Barroso, a partir das 17 horas. Os empregados v\u00e3o lan\u00e7ar a campanha \u201cvermelho de raiva\u201d em protesto contra a decis\u00e3o do governo de abrir o capital da Caixa para o setor privado, primeiro passo, junto ao processo de desmonte, para a privatiza\u00e7\u00e3o do banco. A manifesta\u00e7\u00e3o, organizada pelo Sindicato e por v\u00e1rias entidades representativas dos empregados, \u00e9 mais uma atividade em defesa da Caixa 100% p\u00fablica.<br \/>N\u00e3o vamos pagar a fatura &#8211; Trabalhadores responsabilizam a Caixa pelo passivo judicial da Funcef, o fundo de previd\u00eancia dos empregados, que j\u00e1 chega a R$6,4 bilh\u00f5es.<\/p>\n","protected":false},"excerpt":{"rendered":"<p>Ato p\u00fablico ser\u00e1 realizado no Largo da Carioca, junto ao pr\u00e9dio da Barroso, a partir das 17 horas. Os empregados v\u00e3o lan\u00e7ar a campanha \u201cvermelho de raiva\u201d em protesto contra a decis\u00e3o do governo de abrir o capital da Caixa para o setor privado, primeiro passo, junto ao processo de desmonte, para a privatiza\u00e7\u00e3o do [&hellip;]<\/p>\n","protected":false},"author":2,"featured_media":3208,"comment_status":"","ping_status":"","sticky":false,"template":"","format":"standard","meta":{"footnotes":""},"categories":[3],"tags":[],"class_list":["post-3209","post","type-post","status-publish","format-standard","has-post-thumbnail","hentry","category-noticias"],"_links":{"self":[{"href":"https:\/\/hostnetart.com.br\/baixada\/wp-json\/wp\/v2\/posts\/3209","targetHints":{"allow":["GET"]}}],"collection":[{"href":"https:\/\/hostnetart.com.br\/baixada\/wp-json\/wp\/v2\/posts"}],"about":[{"href":"https:\/\/hostnetart.com.br\/baixada\/wp-json\/wp\/v2\/types\/post"}],"author":[{"embeddable":true,"href":"https:\/\/hostnetart.com.br\/baixada\/wp-json\/wp\/v2\/users\/2"}],"replies":[{"embeddable":true,"href":"https:\/\/hostnetart.com.br\/baixada\/wp-json\/wp\/v2\/comments?post=3209"}],"version-history":[{"count":0,"href":"https:\/\/hostnetart.com.br\/baixada\/wp-json\/wp\/v2\/posts\/3209\/revisions"}],"wp:featuredmedia":[{"embeddable":true,"href":"https:\/\/hostnetart.com.br\/baixada\/wp-json\/wp\/v2\/media\/3208"}],"wp:attachment":[{"href":"https:\/\/hostnetart.com.br\/baixada\/wp-json\/wp\/v2\/media?parent=3209"}],"wp:term":[{"taxonomy":"category","embeddable":true,"href":"https:\/\/hostnetart.com.br\/baixada\/wp-json\/wp\/v2\/categories?post=3209"},{"taxonomy":"post_tag","embeddable":true,"href":"https:\/\/hostnetart.com.br\/baixada\/wp-json\/wp\/v2\/tags?post=3209"}],"curies":[{"name":"wp","href":"https:\/\/api.w.org\/{rel}","templated":true}]}}