{"id":3207,"date":"2017-10-17T12:40:51","date_gmt":"2017-10-17T14:40:51","guid":{"rendered":"https:\/\/hostnetart.com.br\/baixada\/cresce-mobilizacao-na-caixa-contra-o-desmonte-e-a-privatizacao\/"},"modified":"2017-10-17T12:40:51","modified_gmt":"2017-10-17T14:40:51","slug":"cresce-mobilizacao-na-caixa-contra-o-desmonte-e-a-privatizacao","status":"publish","type":"post","link":"https:\/\/hostnetart.com.br\/baixada\/cresce-mobilizacao-na-caixa-contra-o-desmonte-e-a-privatizacao\/","title":{"rendered":"Cresce mobiliza\u00e7\u00e3o na Caixa contra o desmonte e a privatiza\u00e7\u00e3o"},"content":{"rendered":"<p>Unidade. Esta \u00e9 a palavrachave dos empregados da Caixa Econ\u00f4mica Federal para barrar o processo de desmonte imposto pelo governo Michel Temer ao banco. A abertura de capital da empresa para o setor privado \u00e9 o primeiro passo para a privatiza\u00e7\u00e3o do banco. Apesar do Congresso Nacional ter rejeitado a proposta de abertura de capital, o governo quer passar por cima da decis\u00e3o do parlamento e mudar o estatuto da empresa, para permitir a venda de a\u00e7\u00f5es do banco para o mercado privado.<br \/>Por isso, o Sindicato, junto com v\u00e1rias entidades representativas do funcionalismo, lan\u00e7a nesta quarta-feira, dia 18 de outubro, a campanha \u201cvermelho de raiva\u201d em defesa da Caixa 100% p\u00fablica.<br \/>A atividade, que faz parte de uma campanha nacional, ser\u00e1 realizada a partir das 17 horas, no Largo da Carioca, junto ao pr\u00e9dio da Almirante Barroso.<br \/>O capital internacional est\u00e1 de olho no patrim\u00f4nio l\u00edquido da empresa, de mais de R$ 63,6 bilh\u00f5es e ativos totais na ordem de R$ 1,277 trilh\u00e3o. O governo j\u00e1 revelou o interesse de leiloar a Caixa, junto com outras empresas que est\u00e3o no pacote de privatiza\u00e7\u00f5es, como Eletrobras, Infraero e Casa da Moeda.<br \/>A ideia \u00e9 anunciar at\u00e9 o final deste ano, a entrega do banco a grupos estrangeiros, possivelmente chineses.<\/p>\n<p><em><strong>Todos juntos<\/strong><\/em><\/p>\n<p>Al\u00e9m do Sindicato, participam da mobiliza\u00e7\u00e3o, a Apcef (Associa\u00e7\u00e3o do Pessoal da Caixa), Agecef (Associa\u00e7\u00e3o dos Gerentes), Advocef (Associa\u00e7\u00e3o dos Advogados), Aneac (Associa\u00e7\u00e3o Nacional dos Engenheiros), Unei (Uni\u00e3o Nacional dos Economi\u00e1rios Inativos) e Apacef (Associa\u00e7\u00e3o dos Aposentados e Pensionistas), entre outras a entidades.<br \/>\u201cOs mais antigos sabem que, com a nossa unidade e capacidade de organiza\u00e7\u00e3o, somos capazes de derrotar o projeto neoliberal que pretende vender tudo para entregar o pa\u00eds ao capital internacional. Na \u00e9poca do governo FHC, os tucanos fizeram de tudo para privatizar a Caixa, o Banco do Brasil e a Petrobras, mas a mobiliza\u00e7\u00e3o dos trabalhadores impediu a entrega destas institui\u00e7\u00f5es p\u00fablicas. Agora temos que reagir novamente para impedir esta nova onda privatista\u201d, explica o vice-presidente do Sindicato, Paulo Matileti.<br \/>Papel social &#8211; Al\u00e9m de amea\u00e7ar os direitos e o emprego dos banc\u00e1rios, a privatiza\u00e7\u00e3o coloca em risco v\u00e1rios projetos e programas sociais, como o Minha Casa, Minha Vida e o Bolsa Fam\u00edlia, e o pr\u00f3prio desenvolvimento econ\u00f4mico e social do pa\u00eds.<\/p>\n","protected":false},"excerpt":{"rendered":"<p>Unidade. Esta \u00e9 a palavrachave dos empregados da Caixa Econ\u00f4mica Federal para barrar o processo de desmonte imposto pelo governo Michel Temer ao banco. A abertura de capital da empresa para o setor privado \u00e9 o primeiro passo para a privatiza\u00e7\u00e3o do banco. Apesar do Congresso Nacional ter rejeitado a proposta de abertura de capital, [&hellip;]<\/p>\n","protected":false},"author":2,"featured_media":3206,"comment_status":"","ping_status":"","sticky":false,"template":"","format":"standard","meta":{"footnotes":""},"categories":[3],"tags":[],"class_list":["post-3207","post","type-post","status-publish","format-standard","has-post-thumbnail","hentry","category-noticias"],"_links":{"self":[{"href":"https:\/\/hostnetart.com.br\/baixada\/wp-json\/wp\/v2\/posts\/3207","targetHints":{"allow":["GET"]}}],"collection":[{"href":"https:\/\/hostnetart.com.br\/baixada\/wp-json\/wp\/v2\/posts"}],"about":[{"href":"https:\/\/hostnetart.com.br\/baixada\/wp-json\/wp\/v2\/types\/post"}],"author":[{"embeddable":true,"href":"https:\/\/hostnetart.com.br\/baixada\/wp-json\/wp\/v2\/users\/2"}],"replies":[{"embeddable":true,"href":"https:\/\/hostnetart.com.br\/baixada\/wp-json\/wp\/v2\/comments?post=3207"}],"version-history":[{"count":0,"href":"https:\/\/hostnetart.com.br\/baixada\/wp-json\/wp\/v2\/posts\/3207\/revisions"}],"wp:featuredmedia":[{"embeddable":true,"href":"https:\/\/hostnetart.com.br\/baixada\/wp-json\/wp\/v2\/media\/3206"}],"wp:attachment":[{"href":"https:\/\/hostnetart.com.br\/baixada\/wp-json\/wp\/v2\/media?parent=3207"}],"wp:term":[{"taxonomy":"category","embeddable":true,"href":"https:\/\/hostnetart.com.br\/baixada\/wp-json\/wp\/v2\/categories?post=3207"},{"taxonomy":"post_tag","embeddable":true,"href":"https:\/\/hostnetart.com.br\/baixada\/wp-json\/wp\/v2\/tags?post=3207"}],"curies":[{"name":"wp","href":"https:\/\/api.w.org\/{rel}","templated":true}]}}