{"id":3199,"date":"2017-10-13T16:14:33","date_gmt":"2017-10-13T19:14:33","guid":{"rendered":"https:\/\/hostnetart.com.br\/baixada\/cut-e-frente-brasil-popular-realizam-jornada-de-mobilizacao-de-16-a-22-de-outubro\/"},"modified":"2017-10-13T16:14:33","modified_gmt":"2017-10-13T19:14:33","slug":"cut-e-frente-brasil-popular-realizam-jornada-de-mobilizacao-de-16-a-22-de-outubro","status":"publish","type":"post","link":"https:\/\/hostnetart.com.br\/baixada\/cut-e-frente-brasil-popular-realizam-jornada-de-mobilizacao-de-16-a-22-de-outubro\/","title":{"rendered":"CUT e Frente Brasil Popular realizam Jornada de Mobiliza\u00e7\u00e3o de 16 a 22 de outubro"},"content":{"rendered":"<div class=\"content\">\n<p>A Central \u00danica dos Trabalhadores (CUT) e a Frente Brasil Popular realizar\u00e3o, entre os dias 16 e 22 de outubro, a semana de lutas e mobiliza\u00e7\u00f5es contra as reformas e em defesa dos direitos da classe trabalhadora.<\/p>\n<p>A Confedera\u00e7\u00e3o Nacional dos Trabalhadores do Ramo Financeiro (Contraf-CUT) se une \u00e0s entidades e organiza\u00e7\u00f5es do campo unit\u00e1rio e apoia a organiza\u00e7\u00e3o da semana de mobiliza\u00e7\u00e3o contra a reforma da Previd\u00eancia e em defesa da agricultura familiar para garantir a manuten\u00e7\u00e3o de pol\u00edticas p\u00fablicas fundamentais para o setor.<\/p>\n<p>Nos dias 17 e 18 de outubro, as entidades se mobilizar\u00e3o em suas bases em Bras\u00edlia para uma a\u00e7\u00e3o de luta para pressionar o governo e o Congresso Nacional a recompor o or\u00e7amento para agricultura familiar.<\/p>\n<p>No dia 19 de outubro, a Uni\u00e3o Nacional dos Estudantes realizar\u00e1 tamb\u00e9m um dia de mobiliza\u00e7\u00e3o nas universidades de todo o pa\u00eds em defesa da educa\u00e7\u00e3o p\u00fablica e gratuita sobre o lema \u201cUniversidade n\u00e3o se vende, se defende\u201d.<\/p>\n<p>As atividades programadas ser\u00e3o um \u201cesquenta\u201d para o Dia Nacional de Mobiliza\u00e7\u00e3o, previsto para o dia 10 de novembro, v\u00e9spera da entrada em vigor da Reforma Trabalhista.<\/p>\n<\/div>\n<p id=\"page-author\"><strong>Fonte: Contraf-CUT<\/strong><\/p>\n","protected":false},"excerpt":{"rendered":"<p>A Central \u00danica dos Trabalhadores (CUT) e a Frente Brasil Popular realizar\u00e3o, entre os dias 16 e 22 de outubro, a semana de lutas e mobiliza\u00e7\u00f5es contra as reformas e em defesa dos direitos da classe trabalhadora. A Confedera\u00e7\u00e3o Nacional dos Trabalhadores do Ramo Financeiro (Contraf-CUT) se une \u00e0s entidades e organiza\u00e7\u00f5es do campo unit\u00e1rio [&hellip;]<\/p>\n","protected":false},"author":2,"featured_media":3198,"comment_status":"","ping_status":"","sticky":false,"template":"","format":"standard","meta":{"footnotes":""},"categories":[3],"tags":[],"class_list":["post-3199","post","type-post","status-publish","format-standard","has-post-thumbnail","hentry","category-noticias"],"_links":{"self":[{"href":"https:\/\/hostnetart.com.br\/baixada\/wp-json\/wp\/v2\/posts\/3199","targetHints":{"allow":["GET"]}}],"collection":[{"href":"https:\/\/hostnetart.com.br\/baixada\/wp-json\/wp\/v2\/posts"}],"about":[{"href":"https:\/\/hostnetart.com.br\/baixada\/wp-json\/wp\/v2\/types\/post"}],"author":[{"embeddable":true,"href":"https:\/\/hostnetart.com.br\/baixada\/wp-json\/wp\/v2\/users\/2"}],"replies":[{"embeddable":true,"href":"https:\/\/hostnetart.com.br\/baixada\/wp-json\/wp\/v2\/comments?post=3199"}],"version-history":[{"count":0,"href":"https:\/\/hostnetart.com.br\/baixada\/wp-json\/wp\/v2\/posts\/3199\/revisions"}],"wp:featuredmedia":[{"embeddable":true,"href":"https:\/\/hostnetart.com.br\/baixada\/wp-json\/wp\/v2\/media\/3198"}],"wp:attachment":[{"href":"https:\/\/hostnetart.com.br\/baixada\/wp-json\/wp\/v2\/media?parent=3199"}],"wp:term":[{"taxonomy":"category","embeddable":true,"href":"https:\/\/hostnetart.com.br\/baixada\/wp-json\/wp\/v2\/categories?post=3199"},{"taxonomy":"post_tag","embeddable":true,"href":"https:\/\/hostnetart.com.br\/baixada\/wp-json\/wp\/v2\/tags?post=3199"}],"curies":[{"name":"wp","href":"https:\/\/api.w.org\/{rel}","templated":true}]}}