{"id":3197,"date":"2017-10-13T16:12:36","date_gmt":"2017-10-13T19:12:36","guid":{"rendered":"https:\/\/hostnetart.com.br\/baixada\/contraf-cut-lanca-campanha-nacional-de-combate-a-discriminacao-no-dia-18\/"},"modified":"2017-10-13T16:12:36","modified_gmt":"2017-10-13T19:12:36","slug":"contraf-cut-lanca-campanha-nacional-de-combate-a-discriminacao-no-dia-18","status":"publish","type":"post","link":"https:\/\/hostnetart.com.br\/baixada\/contraf-cut-lanca-campanha-nacional-de-combate-a-discriminacao-no-dia-18\/","title":{"rendered":"Contraf-CUT lan\u00e7a Campanha Nacional de Combate \u00e0 Discrimina\u00e7\u00e3o no dia 18"},"content":{"rendered":"<p><em><span style=\"text-decoration: underline;\">Lan\u00e7amento acontecer\u00e1 no audit\u00f3rio da sede da Contraf-CUT, em S\u00e3o Paulo<\/span><\/em><\/p>\n<p>A Contraf-CUT lan\u00e7ar\u00e1, nesta quarta-feira (18), a Campanha Nacional de Combate \u00e0 Discrimina\u00e7\u00e3o &#8220;N\u00e3o precisa ser para sentir&#8221;. O lan\u00e7amento acontecer\u00e1 no audit\u00f3rio da sede da Contraf-CUT, em S\u00e3o Paulo, \u00e0s 15h.<\/p>\n","protected":false},"excerpt":{"rendered":"<p>Lan\u00e7amento acontecer\u00e1 no audit\u00f3rio da sede da Contraf-CUT, em S\u00e3o Paulo A Contraf-CUT lan\u00e7ar\u00e1, nesta quarta-feira (18), a Campanha Nacional de Combate \u00e0 Discrimina\u00e7\u00e3o &#8220;N\u00e3o precisa ser para sentir&#8221;. O lan\u00e7amento acontecer\u00e1 no audit\u00f3rio da sede da Contraf-CUT, em S\u00e3o Paulo, \u00e0s 15h.<\/p>\n","protected":false},"author":2,"featured_media":3196,"comment_status":"","ping_status":"","sticky":false,"template":"","format":"standard","meta":{"footnotes":""},"categories":[3],"tags":[],"class_list":["post-3197","post","type-post","status-publish","format-standard","has-post-thumbnail","hentry","category-noticias"],"_links":{"self":[{"href":"https:\/\/hostnetart.com.br\/baixada\/wp-json\/wp\/v2\/posts\/3197","targetHints":{"allow":["GET"]}}],"collection":[{"href":"https:\/\/hostnetart.com.br\/baixada\/wp-json\/wp\/v2\/posts"}],"about":[{"href":"https:\/\/hostnetart.com.br\/baixada\/wp-json\/wp\/v2\/types\/post"}],"author":[{"embeddable":true,"href":"https:\/\/hostnetart.com.br\/baixada\/wp-json\/wp\/v2\/users\/2"}],"replies":[{"embeddable":true,"href":"https:\/\/hostnetart.com.br\/baixada\/wp-json\/wp\/v2\/comments?post=3197"}],"version-history":[{"count":0,"href":"https:\/\/hostnetart.com.br\/baixada\/wp-json\/wp\/v2\/posts\/3197\/revisions"}],"wp:featuredmedia":[{"embeddable":true,"href":"https:\/\/hostnetart.com.br\/baixada\/wp-json\/wp\/v2\/media\/3196"}],"wp:attachment":[{"href":"https:\/\/hostnetart.com.br\/baixada\/wp-json\/wp\/v2\/media?parent=3197"}],"wp:term":[{"taxonomy":"category","embeddable":true,"href":"https:\/\/hostnetart.com.br\/baixada\/wp-json\/wp\/v2\/categories?post=3197"},{"taxonomy":"post_tag","embeddable":true,"href":"https:\/\/hostnetart.com.br\/baixada\/wp-json\/wp\/v2\/tags?post=3197"}],"curies":[{"name":"wp","href":"https:\/\/api.w.org\/{rel}","templated":true}]}}