{"id":3195,"date":"2017-10-13T16:10:19","date_gmt":"2017-10-13T19:10:19","guid":{"rendered":"https:\/\/hostnetart.com.br\/baixada\/contraf-cut-orienta-realizacao-de-atos-em-unidades-da-caixa\/"},"modified":"2017-10-13T16:10:19","modified_gmt":"2017-10-13T19:10:19","slug":"contraf-cut-orienta-realizacao-de-atos-em-unidades-da-caixa","status":"publish","type":"post","link":"https:\/\/hostnetart.com.br\/baixada\/contraf-cut-orienta-realizacao-de-atos-em-unidades-da-caixa\/","title":{"rendered":"Contraf-CUT orienta realiza\u00e7\u00e3o de atos em unidades da Caixa"},"content":{"rendered":"<p>A Comiss\u00e3o Executiva dos Empregados da Caixa Econ\u00f4mica Federal (CEE\/Caixa), por meio da Confedera\u00e7\u00e3o Nacional dos Trabalhadores do Ramo Financeiro (Contraf-CUT), emitiu, na quarta-feira (11),um comunicado orientando as federa\u00e7\u00f5es e sindicatos de banc\u00e1rios realizar grandes atos em defesa dos bancos p\u00fablicos na pr\u00f3xima quarta-feira (18).<\/p>\n<p>\u201cTodas as quartas-feiras os sindicatos e demais entidades de representa\u00e7\u00e3o dos trabalhadores est\u00e3o realizando atos em defesa dos bancos p\u00fablicos. Em decorr\u00eancia dos ataques \u00e0 Caixa, divulgados nos \u00faltimos dias pela imprensa, orientamos que, na pr\u00f3xima quarta-feira, as atividades sejam realizadas em todas as ag\u00eancias e departamentos do banco\u201d, explicou Dion\u00edsio Reis, coordenador da Comiss\u00e3o Executiva dos Empregados da Caixa (CEE\/Caixa).<\/p>\n<p>Segundo not\u00edcias veiculadas pela imprensa, o governo Temer pretende abrir o capital da Caixa. Caso a abertura de capital do banco se concretize, a Caixa perde o car\u00e1ter de empresa 100% p\u00fablica, e passar\u00e1 a ter que responder aos investidores.<\/p>\n<p>Na segunda-feira (9), o senador Lindbergh Farias (PT\/RJ), presidente da Comiss\u00e3o Parlamentar Mista em Defesa dos Bancos P\u00fablicos, divulgou um v\u00eddeo em sua p\u00e1gina pessoal no Facebook denunciando a inten\u00e7\u00e3o do governo Temer de abrir o capital da Caixa Econ\u00f4mica Federal. \u201c\u00c9 o novo alvo do governo federal. Vai ter agora uma discuss\u00e3o sobre a revis\u00e3o do estatuto da Caixa e membros dos minist\u00e9rios do Planejamento e da Fazenda j\u00e1 falam abertamente em transformar Caixa Econ\u00f4mica em sociedade an\u00f4nima\u201d, alertou o senador, que lembrou ainda que abertura de capital da Caixa \u00e9 uma pauta que j\u00e1 foi derrotada no Congresso Nacional. \u201cCom o PLS 555 quiseram justamente transformar as empresas p\u00fablicas em sociedade an\u00f4nimas. N\u00f3s ganhamos o debate e isso foi retirado. O governo n\u00e3o pode fazer o que est\u00e1 tentando fazer. O Congresso precisa aprovar essa mudan\u00e7a, mas essa proposta j\u00e1 foi derrotada\u201d, disse.<\/p>\n<p>A representante dos empregados no Conselho de Administra\u00e7\u00e3o da Caixa, Rita Serrano tamb\u00e9m fez um v\u00eddeo com esclarecimentos sobre o assunto. \u201cH\u00e1 o interesse do governo em alterar o funcionamento da Caixa, transformando-a em uma S\/A (sociedade an\u00f4nima). Alegam que o objetivo \u00e9 melhorar a governan\u00e7a. Mas, os bancos no Brasil j\u00e1 sofrem controle e precisam tomar medidas de governan\u00e7a. A Caixa j\u00e1 precisa prestar contas a 18 \u00f3rg\u00e3os de controle. Mas, a verdade que este governo tem compromisso com o capital privado e agindo em interesse desse grupo vendendo empresas brasileiras em favorecimento do capital privado internacional\u201d, denunciou Rita.<\/p>\n<p><strong><em>PLP 268\/2016<\/em><\/strong><br \/>Para o coordenador da CEE\/Caixa, a tentativa de privatiza\u00e7\u00e3o da Caixa \u00e9 grave e precisa ser combatida afinco. Mas, existem outros ataques que tamb\u00e9m devem ser destacados. \u201cUm projeto de lei que tramita em regime de urg\u00eancia no Congresso Nacional usa a desculpa de ampliar a governan\u00e7a nos fundos de previd\u00eancia das empresas p\u00fablicas para reduzir a participa\u00e7\u00e3o dos trabalhadores nos conselhos gestores dos fundos\u201d, observa o dirigente sindical referindo-se ao PLP 268\/2016.<\/p>\n<p>Diante dos ataques \u00e0 Caixa e aos trabalhadores, a Comiss\u00e3o Executiva dos Empregados da Caixa (CEE\/Caixa) orientou que sejam mantidos os atos em defesa dos bancos p\u00fablicos na quarta-feira (18), mas, pela urg\u00eancia e gravidade do tema, que sejam realizados, principalmente nas ag\u00eancias e departamentos da Caixa, abordando a defesa da Funcef, contra o PLP 268\/2016 e pela cobran\u00e7a do Contencioso. \u201cElaboramos um material espec\u00edfico para os atos, com informa\u00e7\u00f5es concisas que j\u00e1 foi enviado aos sindicatos e pode ser acessado nos sites da Contraf-CUT e da Fenae (Federa\u00e7\u00e3o Nacional das Associa\u00e7\u00f5es de Pessoal da Caixa)\u201d, disse o coordenador da CEE\/Caixa.<\/p>\n<p><strong>Fonte: Contraf-CUT<\/strong><\/p>\n","protected":false},"excerpt":{"rendered":"<p>A Comiss\u00e3o Executiva dos Empregados da Caixa Econ\u00f4mica Federal (CEE\/Caixa), por meio da Confedera\u00e7\u00e3o Nacional dos Trabalhadores do Ramo Financeiro (Contraf-CUT), emitiu, na quarta-feira (11),um comunicado orientando as federa\u00e7\u00f5es e sindicatos de banc\u00e1rios realizar grandes atos em defesa dos bancos p\u00fablicos na pr\u00f3xima quarta-feira (18). \u201cTodas as quartas-feiras os sindicatos e demais entidades de representa\u00e7\u00e3o [&hellip;]<\/p>\n","protected":false},"author":2,"featured_media":3194,"comment_status":"","ping_status":"","sticky":false,"template":"","format":"standard","meta":{"footnotes":""},"categories":[3],"tags":[],"class_list":["post-3195","post","type-post","status-publish","format-standard","has-post-thumbnail","hentry","category-noticias"],"_links":{"self":[{"href":"https:\/\/hostnetart.com.br\/baixada\/wp-json\/wp\/v2\/posts\/3195","targetHints":{"allow":["GET"]}}],"collection":[{"href":"https:\/\/hostnetart.com.br\/baixada\/wp-json\/wp\/v2\/posts"}],"about":[{"href":"https:\/\/hostnetart.com.br\/baixada\/wp-json\/wp\/v2\/types\/post"}],"author":[{"embeddable":true,"href":"https:\/\/hostnetart.com.br\/baixada\/wp-json\/wp\/v2\/users\/2"}],"replies":[{"embeddable":true,"href":"https:\/\/hostnetart.com.br\/baixada\/wp-json\/wp\/v2\/comments?post=3195"}],"version-history":[{"count":0,"href":"https:\/\/hostnetart.com.br\/baixada\/wp-json\/wp\/v2\/posts\/3195\/revisions"}],"wp:featuredmedia":[{"embeddable":true,"href":"https:\/\/hostnetart.com.br\/baixada\/wp-json\/wp\/v2\/media\/3194"}],"wp:attachment":[{"href":"https:\/\/hostnetart.com.br\/baixada\/wp-json\/wp\/v2\/media?parent=3195"}],"wp:term":[{"taxonomy":"category","embeddable":true,"href":"https:\/\/hostnetart.com.br\/baixada\/wp-json\/wp\/v2\/categories?post=3195"},{"taxonomy":"post_tag","embeddable":true,"href":"https:\/\/hostnetart.com.br\/baixada\/wp-json\/wp\/v2\/tags?post=3195"}],"curies":[{"name":"wp","href":"https:\/\/api.w.org\/{rel}","templated":true}]}}