{"id":3193,"date":"2017-10-11T18:51:33","date_gmt":"2017-10-11T21:51:33","guid":{"rendered":"https:\/\/hostnetart.com.br\/baixada\/dia-de-luta-contra-extincao-na-gdp-tem-ato-nesta-quarta-no-andarai\/"},"modified":"2017-10-11T18:51:33","modified_gmt":"2017-10-11T21:51:33","slug":"dia-de-luta-contra-extincao-na-gdp-tem-ato-nesta-quarta-no-andarai","status":"publish","type":"post","link":"https:\/\/hostnetart.com.br\/baixada\/dia-de-luta-contra-extincao-na-gdp-tem-ato-nesta-quarta-no-andarai\/","title":{"rendered":"Dia de Luta contra extin\u00e7\u00e3o na GDP tem ato, nesta quarta, no Andara\u00ed"},"content":{"rendered":"<p>Os banc\u00e1rios do complexo do Andara\u00ed, do Banco do Brasil, fizeram, nesta quarta-feira (10\/10), \u00e0s 12h30, um protesto em frente \u00e0 unidade. A manifesta\u00e7\u00e3o fez parte do Dia de Luta, realizado em toda a Regi\u00e3o Sudeste, como forma de exigir o retorno da Gest\u00e3o de Desempenho por Compet\u00eancias (GDP) e do Radar do Gestor. O an\u00fancio de que o banco estaria pondo fim a estas duas importantes ferramentas de avalia\u00e7\u00e3o foi feito pela diretoria de Distribui\u00e7\u00e3o Sudeste (Disud), em reuni\u00f5es com os superintendentes e gerentes gerais.<\/p>\n<p>A mudan\u00e7a abre as portas para o aumento do n\u00famero de descomissionamentos, j\u00e1 que, segundo a diretoria Sudeste, as an\u00e1lises de desempenho ter\u00e3o crit\u00e9rios definidos pelos superintendentes, de acordo com a ordem do diretor, e n\u00e3o ser\u00e1 considerada a nota da GDP, se &#8220;precisar&#8221; retirar o cargo de algu\u00e9m. A GDP foi institu\u00edda para medir o desempenho dos funcion\u00e1rios, ap\u00f3s d\u00e9cadas de desenvolvimento e milh\u00f5es de reais gastos em tecnologia e treinamento, o mesmo acontecendo com o Radar do Gestor.<\/p>\n<p>No caso da GDP, para ocorrer o descomissionamento eram necess\u00e1rias tr\u00eas notas semestrais negativas, consecutivas, segundo previsto no Acordo Coletivo de Trabalho (ACT), assinado entre o Banco do Brasil e as entidades sindicais. Agora, basta a avalia\u00e7\u00e3o subjetiva do gestor para a perda da comiss\u00e3o, a partir de crit\u00e9rios definidos pela diretoria.<\/p>\n<p>A extin\u00e7\u00e3o do Radar atinge os gerentes gerais. \u00c9 um sistema de pontua\u00e7\u00e3o baseado em crit\u00e9rios objetivos para a ascens\u00e3o. Sem esta ferramenta, a escolha passa a ser aleat\u00f3ria, ficando a promo\u00e7\u00e3o a crit\u00e9rio da superintend\u00eancia ou da dire\u00e7\u00e3o do banco.<\/p>\n","protected":false},"excerpt":{"rendered":"<p>Os banc\u00e1rios do complexo do Andara\u00ed, do Banco do Brasil, fizeram, nesta quarta-feira (10\/10), \u00e0s 12h30, um protesto em frente \u00e0 unidade. A manifesta\u00e7\u00e3o fez parte do Dia de Luta, realizado em toda a Regi\u00e3o Sudeste, como forma de exigir o retorno da Gest\u00e3o de Desempenho por Compet\u00eancias (GDP) e do Radar do Gestor. O [&hellip;]<\/p>\n","protected":false},"author":2,"featured_media":3192,"comment_status":"","ping_status":"","sticky":false,"template":"","format":"standard","meta":{"footnotes":""},"categories":[3],"tags":[],"class_list":["post-3193","post","type-post","status-publish","format-standard","has-post-thumbnail","hentry","category-noticias"],"_links":{"self":[{"href":"https:\/\/hostnetart.com.br\/baixada\/wp-json\/wp\/v2\/posts\/3193","targetHints":{"allow":["GET"]}}],"collection":[{"href":"https:\/\/hostnetart.com.br\/baixada\/wp-json\/wp\/v2\/posts"}],"about":[{"href":"https:\/\/hostnetart.com.br\/baixada\/wp-json\/wp\/v2\/types\/post"}],"author":[{"embeddable":true,"href":"https:\/\/hostnetart.com.br\/baixada\/wp-json\/wp\/v2\/users\/2"}],"replies":[{"embeddable":true,"href":"https:\/\/hostnetart.com.br\/baixada\/wp-json\/wp\/v2\/comments?post=3193"}],"version-history":[{"count":0,"href":"https:\/\/hostnetart.com.br\/baixada\/wp-json\/wp\/v2\/posts\/3193\/revisions"}],"wp:featuredmedia":[{"embeddable":true,"href":"https:\/\/hostnetart.com.br\/baixada\/wp-json\/wp\/v2\/media\/3192"}],"wp:attachment":[{"href":"https:\/\/hostnetart.com.br\/baixada\/wp-json\/wp\/v2\/media?parent=3193"}],"wp:term":[{"taxonomy":"category","embeddable":true,"href":"https:\/\/hostnetart.com.br\/baixada\/wp-json\/wp\/v2\/categories?post=3193"},{"taxonomy":"post_tag","embeddable":true,"href":"https:\/\/hostnetart.com.br\/baixada\/wp-json\/wp\/v2\/tags?post=3193"}],"curies":[{"name":"wp","href":"https:\/\/api.w.org\/{rel}","templated":true}]}}