{"id":3191,"date":"2017-10-11T16:40:29","date_gmt":"2017-10-11T19:40:29","guid":{"rendered":"https:\/\/hostnetart.com.br\/baixada\/mesmo-enxuta-reforma-da-previdencia-seria-um-estrago-afirma-especialista\/"},"modified":"2017-10-11T16:40:29","modified_gmt":"2017-10-11T19:40:29","slug":"mesmo-enxuta-reforma-da-previdencia-seria-um-estrago-afirma-especialista","status":"publish","type":"post","link":"https:\/\/hostnetart.com.br\/baixada\/mesmo-enxuta-reforma-da-previdencia-seria-um-estrago-afirma-especialista\/","title":{"rendered":"Mesmo enxuta, reforma da Previd\u00eancia seria um estrago, afirma especialista"},"content":{"rendered":"<p><span style=\"text-decoration: underline;\"><em>Especialistas afirmam que proposta mant\u00e9m principais retrocessos, como o estabelecimento de uma idade m\u00ednima<\/em><\/span><\/p>\n<p>Lideran\u00e7as governistas no Congresso est\u00e3o se articulando para levar \u00e0 vota\u00e7\u00e3o no plen\u00e1rio da C\u00e2mara, at\u00e9 novembro, uma proposta mais &#8220;enxuta&#8221; da Reforma da Previd\u00eancia. No entanto, o texto alternativo (ou emenda aglutinativa) ao texto-base da reforma, a Proposta de Emenda \u00e0 Constitui\u00e7\u00e3o (PEC) n\u00ba 287 &#8211; de autoria do deputado Arthur de Oliveira Maia (PPS-BA) e aprovado em uma comiss\u00e3o especial da C\u00e2mara dos Deputados em maio deste ano &#8211; mant\u00e9m os principais desmontes da Previd\u00eancia.<\/p>\n<p>A proposta, que vem sendo chamada de &#8220;mini-reforma&#8221;, manteria a idade m\u00ednima de 65 anos para homens e 62 para mulheres aprovadas no parecer de Maia, e ajustaria o as medidas de tempo m\u00ednimo de contribui\u00e7\u00e3o e regra de transi\u00e7\u00e3o, colocadas da proposta inicial. Para o advogado trabalhista e previdenci\u00e1rio Thiago Barison, o texto alternativo ainda \u00e9 muito prejudicial para os trabalhadores.<\/p>\n<p>&#8220;Eles est\u00e3o mantendo o essencial, que \u00e9 a idade m\u00ednima que posterga a concess\u00e3o do benef\u00edcio. Se aprovar a idade m\u00ednima n\u00e3o tem nada de &#8216;mini&#8217;, o FHC no auge do neoliberalismo tentou fazer e n\u00e3o conseguiu&#8221;, disse.<\/p>\n<p>Barison considera que o fatiamento do texto original da reforma pode garantir maior apoio parlamentar, mas afirma que a aprova\u00e7\u00e3o ainda exigiria tr\u00eas quintos dos votos dos deputados.<\/p>\n<p>&#8220;Tem chance de conseguir mais apoio do que o pacot\u00e3o como um todo, que mexia em direitos de v\u00e1rias categorias e situa\u00e7\u00f5es particulares, provocando uma ampla gama de interesses contr\u00e1rios \u00e0 reforma. Mas j\u00e1 n\u00e3o foi aprovado na C\u00e2mara. Tr\u00eas quintos do Congresso tem que comparecer l\u00e1 e votar a favor, acho muito dif\u00edcil&#8221;, opinou.<\/p>\n<p>Essa vis\u00e3o tamb\u00e9m \u00e9 compartilhada pelo deputado federal Paulo Teixeira (PT), que pontuou que n\u00e3o h\u00e1 for\u00e7a pol\u00edtica para aprovar a emenda aglutinativa, devido \u00e0 conjuntura de tramita\u00e7\u00e3o da segunda den\u00fancia contra o presidente golpista Michel Temer (PMDB).<\/p>\n<p>&#8220;Eu acho que agora n\u00e3o passa nenhuma medida que retire direitos. Porque h\u00e1 um desgaste no parlamento da base do Temer muito forte. E os parlamentares n\u00e3o est\u00e3o dispostos a pagar por isso&#8221;, afirmou.<\/p>\n<p>Na opini\u00e3o de Barison, qualquer reforma no Sistema Previdenci\u00e1rio que seja votada na atual conjuntura pol\u00edtica brasileira seria negativa. <\/p>\n<p>&#8220;O que eles querem \u00e9 deteriorar e destruir a previd\u00eancia, abrir o mercado para a previd\u00eancia privada. N\u00e3o d\u00e1 para falar em mudan\u00e7a no momento, qualquer medida desse contexto \u00e9 ileg\u00edtima e tem como objetivo destruir a previd\u00eancia&#8221;, concluiu.<\/p>\n<p>Entre os principais articuladores do texto alternativo, est\u00e3o o deputado Beto Mansur (PRB-SP), vice-l\u00edder do governo na C\u00e2mara, o deputado Darc\u00edsio Perondi (PMDB-RS), e o secret\u00e1rio da Previd\u00eancia Social, Marcelo Caetano.<\/p>\n<p><strong>Fonte: Brasil de fato<\/strong><\/p>\n","protected":false},"excerpt":{"rendered":"<p>Especialistas afirmam que proposta mant\u00e9m principais retrocessos, como o estabelecimento de uma idade m\u00ednima Lideran\u00e7as governistas no Congresso est\u00e3o se articulando para levar \u00e0 vota\u00e7\u00e3o no plen\u00e1rio da C\u00e2mara, at\u00e9 novembro, uma proposta mais &#8220;enxuta&#8221; da Reforma da Previd\u00eancia. No entanto, o texto alternativo (ou emenda aglutinativa) ao texto-base da reforma, a Proposta de Emenda [&hellip;]<\/p>\n","protected":false},"author":2,"featured_media":3190,"comment_status":"","ping_status":"","sticky":false,"template":"","format":"standard","meta":{"footnotes":""},"categories":[3],"tags":[],"class_list":["post-3191","post","type-post","status-publish","format-standard","has-post-thumbnail","hentry","category-noticias"],"_links":{"self":[{"href":"https:\/\/hostnetart.com.br\/baixada\/wp-json\/wp\/v2\/posts\/3191","targetHints":{"allow":["GET"]}}],"collection":[{"href":"https:\/\/hostnetart.com.br\/baixada\/wp-json\/wp\/v2\/posts"}],"about":[{"href":"https:\/\/hostnetart.com.br\/baixada\/wp-json\/wp\/v2\/types\/post"}],"author":[{"embeddable":true,"href":"https:\/\/hostnetart.com.br\/baixada\/wp-json\/wp\/v2\/users\/2"}],"replies":[{"embeddable":true,"href":"https:\/\/hostnetart.com.br\/baixada\/wp-json\/wp\/v2\/comments?post=3191"}],"version-history":[{"count":0,"href":"https:\/\/hostnetart.com.br\/baixada\/wp-json\/wp\/v2\/posts\/3191\/revisions"}],"wp:featuredmedia":[{"embeddable":true,"href":"https:\/\/hostnetart.com.br\/baixada\/wp-json\/wp\/v2\/media\/3190"}],"wp:attachment":[{"href":"https:\/\/hostnetart.com.br\/baixada\/wp-json\/wp\/v2\/media?parent=3191"}],"wp:term":[{"taxonomy":"category","embeddable":true,"href":"https:\/\/hostnetart.com.br\/baixada\/wp-json\/wp\/v2\/categories?post=3191"},{"taxonomy":"post_tag","embeddable":true,"href":"https:\/\/hostnetart.com.br\/baixada\/wp-json\/wp\/v2\/tags?post=3191"}],"curies":[{"name":"wp","href":"https:\/\/api.w.org\/{rel}","templated":true}]}}