{"id":3189,"date":"2017-10-11T16:38:13","date_gmt":"2017-10-11T19:38:13","guid":{"rendered":"https:\/\/hostnetart.com.br\/baixada\/permanece-impasse-sobre-plr-do-banco-pan\/"},"modified":"2017-10-11T16:38:13","modified_gmt":"2017-10-11T19:38:13","slug":"permanece-impasse-sobre-plr-do-banco-pan","status":"publish","type":"post","link":"https:\/\/hostnetart.com.br\/baixada\/permanece-impasse-sobre-plr-do-banco-pan\/","title":{"rendered":"Permanece impasse sobre PLR do banco Pan"},"content":{"rendered":"<div class=\"content\">\n<p>A Confedera\u00e7\u00e3o Nacional dos Trabalhadores do Ramo Financeiro (Contraf-CUT) se reuniu nesta quarta-feira (11) com representantes do banco Pan para tratar das corre\u00e7\u00f5es a serem feitas a respeito do erro no pagamento da antecipa\u00e7\u00e3o da Participa\u00e7\u00e3o nos Lucros e\/ou Resultados prevista na Conven\u00e7\u00e3o Coletiva de Trabalho da categoria (PLR-CCT).<\/p>\n<p>Em um primeiro momento, os representantes do banco afirmaram que n\u00e3o houve erro.<\/p>\n<p>A Contraf-CUT reafirmou seu posicionamento de que o banco descumpriu o que determina a CCT e que est\u00e1 pronta para orientar os sindicatos quanto as medidas necess\u00e1rias.<\/p>\n<p>Diante da posi\u00e7\u00e3o dos trabalhadores, o banco ficou de dar uma resposta definitiva na pr\u00f3xima segunda-feira (16).<\/p>\n<p>\u00a0<\/p>\n<p id=\"page-author\"><strong>Fonte: Contraf-CUT<\/strong><\/p>\n<\/div>\n","protected":false},"excerpt":{"rendered":"<p>A Confedera\u00e7\u00e3o Nacional dos Trabalhadores do Ramo Financeiro (Contraf-CUT) se reuniu nesta quarta-feira (11) com representantes do banco Pan para tratar das corre\u00e7\u00f5es a serem feitas a respeito do erro no pagamento da antecipa\u00e7\u00e3o da Participa\u00e7\u00e3o nos Lucros e\/ou Resultados prevista na Conven\u00e7\u00e3o Coletiva de Trabalho da categoria (PLR-CCT). Em um primeiro momento, os representantes [&hellip;]<\/p>\n","protected":false},"author":2,"featured_media":3188,"comment_status":"","ping_status":"","sticky":false,"template":"","format":"standard","meta":{"footnotes":""},"categories":[3],"tags":[],"class_list":["post-3189","post","type-post","status-publish","format-standard","has-post-thumbnail","hentry","category-noticias"],"_links":{"self":[{"href":"https:\/\/hostnetart.com.br\/baixada\/wp-json\/wp\/v2\/posts\/3189","targetHints":{"allow":["GET"]}}],"collection":[{"href":"https:\/\/hostnetart.com.br\/baixada\/wp-json\/wp\/v2\/posts"}],"about":[{"href":"https:\/\/hostnetart.com.br\/baixada\/wp-json\/wp\/v2\/types\/post"}],"author":[{"embeddable":true,"href":"https:\/\/hostnetart.com.br\/baixada\/wp-json\/wp\/v2\/users\/2"}],"replies":[{"embeddable":true,"href":"https:\/\/hostnetart.com.br\/baixada\/wp-json\/wp\/v2\/comments?post=3189"}],"version-history":[{"count":0,"href":"https:\/\/hostnetart.com.br\/baixada\/wp-json\/wp\/v2\/posts\/3189\/revisions"}],"wp:featuredmedia":[{"embeddable":true,"href":"https:\/\/hostnetart.com.br\/baixada\/wp-json\/wp\/v2\/media\/3188"}],"wp:attachment":[{"href":"https:\/\/hostnetart.com.br\/baixada\/wp-json\/wp\/v2\/media?parent=3189"}],"wp:term":[{"taxonomy":"category","embeddable":true,"href":"https:\/\/hostnetart.com.br\/baixada\/wp-json\/wp\/v2\/categories?post=3189"},{"taxonomy":"post_tag","embeddable":true,"href":"https:\/\/hostnetart.com.br\/baixada\/wp-json\/wp\/v2\/tags?post=3189"}],"curies":[{"name":"wp","href":"https:\/\/api.w.org\/{rel}","templated":true}]}}