{"id":3185,"date":"2017-10-10T18:45:32","date_gmt":"2017-10-10T21:45:32","guid":{"rendered":"https:\/\/hostnetart.com.br\/baixada\/entenda-a-importancia-do-outubro-rosa\/"},"modified":"2017-10-10T18:45:32","modified_gmt":"2017-10-10T21:45:32","slug":"entenda-a-importancia-do-outubro-rosa","status":"publish","type":"post","link":"https:\/\/hostnetart.com.br\/baixada\/entenda-a-importancia-do-outubro-rosa\/","title":{"rendered":"Entenda a import\u00e2ncia do Outubro Rosa"},"content":{"rendered":"<p><em><span style=\"text-decoration: underline;\">A campanha ocorre internacionalmente e tem como objetivo ressaltar a necessidade da preven\u00e7\u00e3o e do diagn\u00f3stico precoce do c\u00e2ncer de mama<\/span><\/em><\/p>\n<p>O c\u00e2ncer de mama \u00e9 o segundo tipo mais frequente no mundo. \u00c9 o mais comum entre as mulheres, sendo raro em homens. No Brasil, as taxas de mortalidade por esse tipo de c\u00e2ncer s\u00e3o elevadas, especialmente porque a doen\u00e7a \u00e9 diagnosticada em est\u00e1gios avan\u00e7ados. \u00c9 por esse motivo que foi criado o Outubro Rosa. Um movimento que ocorre internacionalmente durante todo o m\u00eas de outubro e tem como objetivo principal ressaltar a necessidade da preven\u00e7\u00e3o e do diagn\u00f3stico precoce do c\u00e2ncer de mama.<br \/>Embora a doen\u00e7a esteja presente o ano inteiro, o m\u00eas de outubro foi o escolhido para representar a causa ao redor do mundo. Durante todo o per\u00edodo, \u00e9 comum ver espa\u00e7os e monumentos decorados e\/ou iluminados com a cor. Esse ano, o Cristo Redentor ser\u00e1 um deles.<br \/>O s\u00edmbolo da campanha \u00e9 um la\u00e7o rosa, que foi feito, inicialmente, pela Funda\u00e7\u00e3o Susan G. Komem e distribu\u00eddo na primeira corrida pela cura do c\u00e2ncer de mama em 1990. Embora o movimento exista desde a d\u00e9cada de 90, no Brasil, o primeiro sinal de envolvimento com o Outubro Rosa aconteceu em 2002, quando o Obelisco do Ibirapuera, em S\u00e3o Paulo, foi iluminado com a cor. Em 2008, o movimento ganhou mais for\u00e7a e v\u00e1rias cidades brasileiras o abra\u00e7aram.<br \/>O c\u00e2ncer de mama normalmente \u00e9 diagnosticado em exames de rotina quando se percebe um n\u00f3dulo na regi\u00e3o dos seios. Entretanto, muitas vezes, os n\u00f3dulos n\u00e3o podem ser sentidos, sendo fundamental a realiza\u00e7\u00e3o de exame de imagem. A mamografia \u00e9 o principal exame realizado para diagn\u00f3stico e deve ser feito por mulheres entre 40 e 69 anos de idade.<br \/>Apesar de muitas vezes o c\u00e2ncer de mama n\u00e3o possuir causa espec\u00edfica, algumas medidas podem ser tomadas como preven\u00e7\u00e3o. A principal delas \u00e9 ter uma alimenta\u00e7\u00e3o saud\u00e1vel, balanceada e rica em alimentos de origem vegetal. Atividades f\u00edsicas e h\u00e1bitos de vida saud\u00e1veis, como n\u00e3o fumar nem ingerir bebida alco\u00f3lica, tamb\u00e9m ajudam a evitar a doen\u00e7a.<br \/>Lembrando que o diagn\u00f3stico precoce \u00e9 essencial para a cura dessa doen\u00e7a, \u00e9 fundamental procurar regulamente o m\u00e9dico.<\/p>\n","protected":false},"excerpt":{"rendered":"<p>A campanha ocorre internacionalmente e tem como objetivo ressaltar a necessidade da preven\u00e7\u00e3o e do diagn\u00f3stico precoce do c\u00e2ncer de mama O c\u00e2ncer de mama \u00e9 o segundo tipo mais frequente no mundo. \u00c9 o mais comum entre as mulheres, sendo raro em homens. No Brasil, as taxas de mortalidade por esse tipo de c\u00e2ncer [&hellip;]<\/p>\n","protected":false},"author":2,"featured_media":3184,"comment_status":"","ping_status":"","sticky":false,"template":"","format":"standard","meta":{"footnotes":""},"categories":[3],"tags":[],"class_list":["post-3185","post","type-post","status-publish","format-standard","has-post-thumbnail","hentry","category-noticias"],"_links":{"self":[{"href":"https:\/\/hostnetart.com.br\/baixada\/wp-json\/wp\/v2\/posts\/3185","targetHints":{"allow":["GET"]}}],"collection":[{"href":"https:\/\/hostnetart.com.br\/baixada\/wp-json\/wp\/v2\/posts"}],"about":[{"href":"https:\/\/hostnetart.com.br\/baixada\/wp-json\/wp\/v2\/types\/post"}],"author":[{"embeddable":true,"href":"https:\/\/hostnetart.com.br\/baixada\/wp-json\/wp\/v2\/users\/2"}],"replies":[{"embeddable":true,"href":"https:\/\/hostnetart.com.br\/baixada\/wp-json\/wp\/v2\/comments?post=3185"}],"version-history":[{"count":0,"href":"https:\/\/hostnetart.com.br\/baixada\/wp-json\/wp\/v2\/posts\/3185\/revisions"}],"wp:featuredmedia":[{"embeddable":true,"href":"https:\/\/hostnetart.com.br\/baixada\/wp-json\/wp\/v2\/media\/3184"}],"wp:attachment":[{"href":"https:\/\/hostnetart.com.br\/baixada\/wp-json\/wp\/v2\/media?parent=3185"}],"wp:term":[{"taxonomy":"category","embeddable":true,"href":"https:\/\/hostnetart.com.br\/baixada\/wp-json\/wp\/v2\/categories?post=3185"},{"taxonomy":"post_tag","embeddable":true,"href":"https:\/\/hostnetart.com.br\/baixada\/wp-json\/wp\/v2\/tags?post=3185"}],"curies":[{"name":"wp","href":"https:\/\/api.w.org\/{rel}","templated":true}]}}