{"id":3183,"date":"2017-10-10T18:43:48","date_gmt":"2017-10-10T21:43:48","guid":{"rendered":"https:\/\/hostnetart.com.br\/baixada\/juizes-dizem-que-reforma-trabalhista-nao-podera-ser-aplicada-integralmente\/"},"modified":"2017-10-10T18:43:48","modified_gmt":"2017-10-10T21:43:48","slug":"juizes-dizem-que-reforma-trabalhista-nao-podera-ser-aplicada-integralmente","status":"publish","type":"post","link":"https:\/\/hostnetart.com.br\/baixada\/juizes-dizem-que-reforma-trabalhista-nao-podera-ser-aplicada-integralmente\/","title":{"rendered":"Ju\u00edzes dizem que reforma trabalhista n\u00e3o poder\u00e1 ser aplicada integralmente"},"content":{"rendered":"<p>Ju\u00edzes, desembargadores e ministros da Justi\u00e7a do Trabalho disseram na segunda-feira (9), durante 2\u00aa Jornada de Direito Material e Processual do Trabalho, realizada em Bras\u00edlia, pela Associa\u00e7\u00e3o Nacional dos Magistrados da Justi\u00e7a do Trabalho (Anamatra), que as novas normas da nova legisla\u00e7\u00e3o trabalhista, rec\u00e9m aprovada no Congresso Nacional e sancionada pela Presid\u00eancia da Rep\u00fablica n\u00e3o poder\u00e3o ser aplicadas integralmente.<\/p>\n<p>Os magistrados fizeram duras cr\u00edticas \u00e0s mudan\u00e7as trazidas pela reforma trabalhista e, segundo texto publicado pelo Consultor Jur\u00eddico, avisaram que diversos pontos da reforma n\u00e3o se tornar\u00e3o realidade, pois desrespeitam a Constitui\u00e7\u00e3o Federal e tratados internacionais dos quais o Brasil \u00e9 signat\u00e1rio.<\/p>\n<p>O texto do Consultor Jur\u00eddico informa, ainda, que, para o ministro do TST Mauricio Godinho, caso a nova lei seja interpretada de maneira literal, a popula\u00e7\u00e3o n\u00e3o ter\u00e1 mais acesso \u00e0 Justi\u00e7a do Trabalho no Brasil, o que representaria clara ofensa ao princ\u00edpio do amplo acesso ao Judici\u00e1rio estabelecido pela Constitui\u00e7\u00e3o.<\/p>\n<p>A pr\u00f3pria Anamatra tamb\u00e9m traz, em texto publicado em site, v\u00e1rias cr\u00edticas feitas por Godinho \u00e0 nova legisla\u00e7\u00e3o, como por exemplo a previs\u00e3o do art. 8\u00ba, \u00a73\u00ba, da Lei n\u00ba 13.467\/2017, que preceitua a interven\u00e7\u00e3o m\u00ednima dos ju\u00edzes nos acordos e conven\u00e7\u00f5es coletivas de trabalho. \u201cA interpreta\u00e7\u00e3o literal nos levaria a algo absurdo. Ent\u00e3o o Poder Judici\u00e1rio n\u00e3o \u00e9 mais Poder Judici\u00e1rio? N\u00e3o h\u00e1 separa\u00e7\u00e3o de Poderes? N\u00e3o existe mais acesso \u00e0 Justi\u00e7a no campo constitucional brasileiro para um juiz do Trabalho? De que adianta o acesso se o juiz n\u00e3o pode dizer o direito?\u201d, indagou.<\/p>\n<p>Leia a \u00edntegra dos textos do Consultor Jur\u00eddico e da Anamatra sobre o evento.<\/p>\n<p><strong>Fonte: Contraf-CUT<\/strong><\/p>\n","protected":false},"excerpt":{"rendered":"<p>Ju\u00edzes, desembargadores e ministros da Justi\u00e7a do Trabalho disseram na segunda-feira (9), durante 2\u00aa Jornada de Direito Material e Processual do Trabalho, realizada em Bras\u00edlia, pela Associa\u00e7\u00e3o Nacional dos Magistrados da Justi\u00e7a do Trabalho (Anamatra), que as novas normas da nova legisla\u00e7\u00e3o trabalhista, rec\u00e9m aprovada no Congresso Nacional e sancionada pela Presid\u00eancia da Rep\u00fablica n\u00e3o [&hellip;]<\/p>\n","protected":false},"author":2,"featured_media":3182,"comment_status":"","ping_status":"","sticky":false,"template":"","format":"standard","meta":{"footnotes":""},"categories":[3],"tags":[],"class_list":["post-3183","post","type-post","status-publish","format-standard","has-post-thumbnail","hentry","category-noticias"],"_links":{"self":[{"href":"https:\/\/hostnetart.com.br\/baixada\/wp-json\/wp\/v2\/posts\/3183","targetHints":{"allow":["GET"]}}],"collection":[{"href":"https:\/\/hostnetart.com.br\/baixada\/wp-json\/wp\/v2\/posts"}],"about":[{"href":"https:\/\/hostnetart.com.br\/baixada\/wp-json\/wp\/v2\/types\/post"}],"author":[{"embeddable":true,"href":"https:\/\/hostnetart.com.br\/baixada\/wp-json\/wp\/v2\/users\/2"}],"replies":[{"embeddable":true,"href":"https:\/\/hostnetart.com.br\/baixada\/wp-json\/wp\/v2\/comments?post=3183"}],"version-history":[{"count":0,"href":"https:\/\/hostnetart.com.br\/baixada\/wp-json\/wp\/v2\/posts\/3183\/revisions"}],"wp:featuredmedia":[{"embeddable":true,"href":"https:\/\/hostnetart.com.br\/baixada\/wp-json\/wp\/v2\/media\/3182"}],"wp:attachment":[{"href":"https:\/\/hostnetart.com.br\/baixada\/wp-json\/wp\/v2\/media?parent=3183"}],"wp:term":[{"taxonomy":"category","embeddable":true,"href":"https:\/\/hostnetart.com.br\/baixada\/wp-json\/wp\/v2\/categories?post=3183"},{"taxonomy":"post_tag","embeddable":true,"href":"https:\/\/hostnetart.com.br\/baixada\/wp-json\/wp\/v2\/tags?post=3183"}],"curies":[{"name":"wp","href":"https:\/\/api.w.org\/{rel}","templated":true}]}}