{"id":3181,"date":"2017-10-10T18:39:44","date_gmt":"2017-10-10T21:39:44","guid":{"rendered":"https:\/\/hostnetart.com.br\/baixada\/justica-manda-saude-bradesco-manter-assistencia-a-bancario\/"},"modified":"2017-10-10T18:39:44","modified_gmt":"2017-10-10T21:39:44","slug":"justica-manda-saude-bradesco-manter-assistencia-a-bancario","status":"publish","type":"post","link":"https:\/\/hostnetart.com.br\/baixada\/justica-manda-saude-bradesco-manter-assistencia-a-bancario\/","title":{"rendered":"Justi\u00e7a manda Sa\u00fade Bradesco manter assist\u00eancia a banc\u00e1rio"},"content":{"rendered":"<p><span style=\"text-decoration: underline;\">O banco aceitou manter o plano de sa\u00fade depois de findo o v\u00ednculo empregat\u00edcio, mas n\u00e3o observou a legisla\u00e7\u00e3o vigente que assegura ao banc\u00e1rio dois anos de assist\u00eancia<\/span><\/p>\n<p>A ju\u00edza da 30\u00aa Vara C\u00edvel do Rio de Janeiro, Virg\u00ednia L\u00facia Lima da Silva, n\u00e3o teve d\u00favida em aceitar o pedido do Sindicato de tutela antecipada para a manuten\u00e7\u00e3o do plano de sa\u00fade ao banc\u00e1rio do Bradesco Carlos Henrique Pinto de Gusm\u00e3o (ex-Bamerindus), demitido sem justa causa, em dezembro de 2016, depois de trabalhar 25 anos na empresa.<\/p>\n<p>Pelas normas da Conven\u00e7\u00e3o Coletiva de Trabalho da categoria, o banc\u00e1rio e seus dependentes t\u00eam direito a 270 dias de assist\u00eancia de sa\u00fade, mantidas as mesmas condi\u00e7\u00f5es de cobertura do plano, ao qual o empregado estava vinculado antes de sua demiss\u00e3o, mediante o pagamento integral das mensalidades.<br \/>O banco aceitou manter o plano de sa\u00fade depois de findo o v\u00ednculo empregat\u00edcio, mas n\u00e3o observou a legisla\u00e7\u00e3o vigente que assegura ao banc\u00e1rio dois anos de assist\u00eancia e encerrou a cobertura em 31 de agosto de 2017, apesar de o fim da vig\u00eancia da carteira do benefici\u00e1rio estar previsto para 30 de abril de 2018.<\/p>\n<p>Leia a mat\u00e9ria completa aqui: https:\/\/www.bancariosrio.org.br\/noticia?id=2659<\/p>\n<p><strong>Fonte: Seeb RJ<\/strong><\/p>\n","protected":false},"excerpt":{"rendered":"<p>O banco aceitou manter o plano de sa\u00fade depois de findo o v\u00ednculo empregat\u00edcio, mas n\u00e3o observou a legisla\u00e7\u00e3o vigente que assegura ao banc\u00e1rio dois anos de assist\u00eancia A ju\u00edza da 30\u00aa Vara C\u00edvel do Rio de Janeiro, Virg\u00ednia L\u00facia Lima da Silva, n\u00e3o teve d\u00favida em aceitar o pedido do Sindicato de tutela antecipada [&hellip;]<\/p>\n","protected":false},"author":2,"featured_media":3180,"comment_status":"","ping_status":"","sticky":false,"template":"","format":"standard","meta":{"footnotes":""},"categories":[3],"tags":[],"class_list":["post-3181","post","type-post","status-publish","format-standard","has-post-thumbnail","hentry","category-noticias"],"_links":{"self":[{"href":"https:\/\/hostnetart.com.br\/baixada\/wp-json\/wp\/v2\/posts\/3181","targetHints":{"allow":["GET"]}}],"collection":[{"href":"https:\/\/hostnetart.com.br\/baixada\/wp-json\/wp\/v2\/posts"}],"about":[{"href":"https:\/\/hostnetart.com.br\/baixada\/wp-json\/wp\/v2\/types\/post"}],"author":[{"embeddable":true,"href":"https:\/\/hostnetart.com.br\/baixada\/wp-json\/wp\/v2\/users\/2"}],"replies":[{"embeddable":true,"href":"https:\/\/hostnetart.com.br\/baixada\/wp-json\/wp\/v2\/comments?post=3181"}],"version-history":[{"count":0,"href":"https:\/\/hostnetart.com.br\/baixada\/wp-json\/wp\/v2\/posts\/3181\/revisions"}],"wp:featuredmedia":[{"embeddable":true,"href":"https:\/\/hostnetart.com.br\/baixada\/wp-json\/wp\/v2\/media\/3180"}],"wp:attachment":[{"href":"https:\/\/hostnetart.com.br\/baixada\/wp-json\/wp\/v2\/media?parent=3181"}],"wp:term":[{"taxonomy":"category","embeddable":true,"href":"https:\/\/hostnetart.com.br\/baixada\/wp-json\/wp\/v2\/categories?post=3181"},{"taxonomy":"post_tag","embeddable":true,"href":"https:\/\/hostnetart.com.br\/baixada\/wp-json\/wp\/v2\/tags?post=3181"}],"curies":[{"name":"wp","href":"https:\/\/api.w.org\/{rel}","templated":true}]}}