{"id":3179,"date":"2017-10-10T18:38:26","date_gmt":"2017-10-10T21:38:26","guid":{"rendered":"https:\/\/hostnetart.com.br\/baixada\/contraf-cut-cobra-correcoes-de-pagamento-da-plr-do-banco-pan\/"},"modified":"2017-10-10T18:38:26","modified_gmt":"2017-10-10T21:38:26","slug":"contraf-cut-cobra-correcoes-de-pagamento-da-plr-do-banco-pan","status":"publish","type":"post","link":"https:\/\/hostnetart.com.br\/baixada\/contraf-cut-cobra-correcoes-de-pagamento-da-plr-do-banco-pan\/","title":{"rendered":"Contraf-CUT cobra corre\u00e7\u00f5es de pagamento da PLR do Banco Pan"},"content":{"rendered":"<p>A Contraf-CUT apresentou \u00e0 dire\u00e7\u00e3o do Banco Pan, durante reuni\u00e3o, realizada nesta segunda-feira (9), as corre\u00e7\u00f5es a serem feitas a respeito do erro no pagamento da antecipa\u00e7\u00e3o da PLR do Banco Pan. <\/p>\n<p>Os representantes dos trabalhadores cobraram da empresa a corre\u00e7\u00e3o do valor e realizar\u00e1 uma nova reuni\u00e3o, na quarta-feira (11), para discutir as altera\u00e7\u00f5es. \u201cCobramos que o banco pague as diferen\u00e7as devidas aos banc\u00e1rios na pr\u00f3xima folha de pagamento\u201d, afirma o dirigente sindical Jair Alves, respons\u00e1vel pelas negocia\u00e7\u00f5es com Pan.<\/p>\n<p><strong>Fonte: Contraf-CUT<\/strong><\/p>\n","protected":false},"excerpt":{"rendered":"<p>A Contraf-CUT apresentou \u00e0 dire\u00e7\u00e3o do Banco Pan, durante reuni\u00e3o, realizada nesta segunda-feira (9), as corre\u00e7\u00f5es a serem feitas a respeito do erro no pagamento da antecipa\u00e7\u00e3o da PLR do Banco Pan. Os representantes dos trabalhadores cobraram da empresa a corre\u00e7\u00e3o do valor e realizar\u00e1 uma nova reuni\u00e3o, na quarta-feira (11), para discutir as altera\u00e7\u00f5es. [&hellip;]<\/p>\n","protected":false},"author":2,"featured_media":3178,"comment_status":"","ping_status":"","sticky":false,"template":"","format":"standard","meta":{"footnotes":""},"categories":[3],"tags":[],"class_list":["post-3179","post","type-post","status-publish","format-standard","has-post-thumbnail","hentry","category-noticias"],"_links":{"self":[{"href":"https:\/\/hostnetart.com.br\/baixada\/wp-json\/wp\/v2\/posts\/3179","targetHints":{"allow":["GET"]}}],"collection":[{"href":"https:\/\/hostnetart.com.br\/baixada\/wp-json\/wp\/v2\/posts"}],"about":[{"href":"https:\/\/hostnetart.com.br\/baixada\/wp-json\/wp\/v2\/types\/post"}],"author":[{"embeddable":true,"href":"https:\/\/hostnetart.com.br\/baixada\/wp-json\/wp\/v2\/users\/2"}],"replies":[{"embeddable":true,"href":"https:\/\/hostnetart.com.br\/baixada\/wp-json\/wp\/v2\/comments?post=3179"}],"version-history":[{"count":0,"href":"https:\/\/hostnetart.com.br\/baixada\/wp-json\/wp\/v2\/posts\/3179\/revisions"}],"wp:featuredmedia":[{"embeddable":true,"href":"https:\/\/hostnetart.com.br\/baixada\/wp-json\/wp\/v2\/media\/3178"}],"wp:attachment":[{"href":"https:\/\/hostnetart.com.br\/baixada\/wp-json\/wp\/v2\/media?parent=3179"}],"wp:term":[{"taxonomy":"category","embeddable":true,"href":"https:\/\/hostnetart.com.br\/baixada\/wp-json\/wp\/v2\/categories?post=3179"},{"taxonomy":"post_tag","embeddable":true,"href":"https:\/\/hostnetart.com.br\/baixada\/wp-json\/wp\/v2\/tags?post=3179"}],"curies":[{"name":"wp","href":"https:\/\/api.w.org\/{rel}","templated":true}]}}