{"id":3177,"date":"2017-10-10T18:37:14","date_gmt":"2017-10-10T21:37:14","guid":{"rendered":"https:\/\/hostnetart.com.br\/baixada\/contraf-cut-reivindica-revogacao-das-alteracoes-no-rh-176-versao-018\/"},"modified":"2017-10-10T18:37:14","modified_gmt":"2017-10-10T21:37:14","slug":"contraf-cut-reivindica-revogacao-das-alteracoes-no-rh-176-versao-018","status":"publish","type":"post","link":"https:\/\/hostnetart.com.br\/baixada\/contraf-cut-reivindica-revogacao-das-alteracoes-no-rh-176-versao-018\/","title":{"rendered":"Contraf-CUT reivindica revoga\u00e7\u00e3o das altera\u00e7\u00f5es no RH 176, vers\u00e3o 018"},"content":{"rendered":"<p>A Comiss\u00e3o Executiva dos Empregados da Caixa Econ\u00f4mica Federal (CEE\/Caixa), que assessora a Confedera\u00e7\u00e3o Nacional dos Trabalhadores do Ramo Financeiro (Contraf-CUT), enviou um of\u00edcio a dire\u00e7\u00e3o da Caixa, nesta segunda-feira (9), para solicitar a revoga\u00e7\u00e3o das altera\u00e7\u00f5es prejudiciais aos empregados ocorridas no RH 176, vers\u00e3o 018.<\/p>\n<p>\u201cA Caixa efetuou altera\u00e7\u00e3o nos crit\u00e9rios de promo\u00e7\u00e3o por m\u00e9rito constante no RH 176, vers\u00e3o 018. Tais altera\u00e7\u00f5es foram unilaterais e n\u00e3o apresentam respaldo na negocia\u00e7\u00e3o ocorrida na mesa de negocia\u00e7\u00e3o, com aux\u00edlio do Grupo de Trabalho fixado no Acordo Coletivo 2016\/2018\u201d, afirma um trecho do documento.<\/p>\n<p>O texto lembra ainda que reuni\u00e3o da Mesa de Negocia\u00e7\u00e3o Permanente, realizada em 25 de maio, foram homologados os crit\u00e9rios para a sistem\u00e1tica de promo\u00e7\u00e3o por m\u00e9rito do ano base 2017, correspondendo as mesmas regras do ano anterior (2016). \u201cN\u00e3o obstante a negocia\u00e7\u00e3o ter fixado de que seriam observadas as mesmas regras de 2016, a Caixa Econ\u00f4mica Federal procedeu a altera\u00e7\u00e3o no normativo, inovando as hip\u00f3teses de impedimento, tais altera\u00e7\u00f5es s\u00e3o irregulares e devem ser revogadas, a fim de conceder a promo\u00e7\u00e3o por m\u00e9rito a todos que preencham as regras antes fixada.\u201d<\/p>\n<p><strong>Fonte: Contraf-CUT<\/strong><\/p>\n","protected":false},"excerpt":{"rendered":"<p>A Comiss\u00e3o Executiva dos Empregados da Caixa Econ\u00f4mica Federal (CEE\/Caixa), que assessora a Confedera\u00e7\u00e3o Nacional dos Trabalhadores do Ramo Financeiro (Contraf-CUT), enviou um of\u00edcio a dire\u00e7\u00e3o da Caixa, nesta segunda-feira (9), para solicitar a revoga\u00e7\u00e3o das altera\u00e7\u00f5es prejudiciais aos empregados ocorridas no RH 176, vers\u00e3o 018. \u201cA Caixa efetuou altera\u00e7\u00e3o nos crit\u00e9rios de promo\u00e7\u00e3o por [&hellip;]<\/p>\n","protected":false},"author":2,"featured_media":3176,"comment_status":"","ping_status":"","sticky":false,"template":"","format":"standard","meta":{"footnotes":""},"categories":[3],"tags":[],"class_list":["post-3177","post","type-post","status-publish","format-standard","has-post-thumbnail","hentry","category-noticias"],"_links":{"self":[{"href":"https:\/\/hostnetart.com.br\/baixada\/wp-json\/wp\/v2\/posts\/3177","targetHints":{"allow":["GET"]}}],"collection":[{"href":"https:\/\/hostnetart.com.br\/baixada\/wp-json\/wp\/v2\/posts"}],"about":[{"href":"https:\/\/hostnetart.com.br\/baixada\/wp-json\/wp\/v2\/types\/post"}],"author":[{"embeddable":true,"href":"https:\/\/hostnetart.com.br\/baixada\/wp-json\/wp\/v2\/users\/2"}],"replies":[{"embeddable":true,"href":"https:\/\/hostnetart.com.br\/baixada\/wp-json\/wp\/v2\/comments?post=3177"}],"version-history":[{"count":0,"href":"https:\/\/hostnetart.com.br\/baixada\/wp-json\/wp\/v2\/posts\/3177\/revisions"}],"wp:featuredmedia":[{"embeddable":true,"href":"https:\/\/hostnetart.com.br\/baixada\/wp-json\/wp\/v2\/media\/3176"}],"wp:attachment":[{"href":"https:\/\/hostnetart.com.br\/baixada\/wp-json\/wp\/v2\/media?parent=3177"}],"wp:term":[{"taxonomy":"category","embeddable":true,"href":"https:\/\/hostnetart.com.br\/baixada\/wp-json\/wp\/v2\/categories?post=3177"},{"taxonomy":"post_tag","embeddable":true,"href":"https:\/\/hostnetart.com.br\/baixada\/wp-json\/wp\/v2\/tags?post=3177"}],"curies":[{"name":"wp","href":"https:\/\/api.w.org\/{rel}","templated":true}]}}