{"id":3175,"date":"2017-10-10T18:36:01","date_gmt":"2017-10-10T21:36:01","guid":{"rendered":"https:\/\/hostnetart.com.br\/baixada\/contraf-cut-disponibiliza-cartilha-da-reforma-trabalhista\/"},"modified":"2017-10-10T18:36:01","modified_gmt":"2017-10-10T21:36:01","slug":"contraf-cut-disponibiliza-cartilha-da-reforma-trabalhista","status":"publish","type":"post","link":"https:\/\/hostnetart.com.br\/baixada\/contraf-cut-disponibiliza-cartilha-da-reforma-trabalhista\/","title":{"rendered":"Contraf-CUT disponibiliza Cartilha da Reforma Trabalhista"},"content":{"rendered":"<p>A Confedera\u00e7\u00e3o Nacional dos Trabalhadores no Ramo Financeiro (Contraf-CUT) disponibiliza em seu site a Cartilha da Reforma Trabalhista. A publica\u00e7\u00e3o explica em detalhes as mudan\u00e7as da nova lei trabalhista, que entra em vigor a partir de novembro. As mudan\u00e7as v\u00e3o promover um retrocesso de quase um s\u00e9culo nas conquistas trabalhistas.<\/p>\n<p>\u201cOs trabalhadores ficar\u00e3o fr\u00e1geis frente ao grande poder dos patr\u00f5es, pois n\u00e3o ter\u00e3o a mesma prote\u00e7\u00e3o da Justi\u00e7a do Trabalho e tampouco das organiza\u00e7\u00f5es sindicais, uma vez que ambas ter\u00e3o suas capacidades de atua\u00e7\u00e3o limitadas pela nova lei\u201d, afirmou Roberto von der Osten, presidente da Contraf-CUT.<\/p>\n<p>As federa\u00e7\u00f5es e os sindicatos podem distribuir em suas bases. \u201cTemos que estar preparados para nos defender desse descalabro que cometeram contra os trabalhadores. Para isso, temos que conhecer a nova lei tintim-por-tintim. Este \u00e9 o objetivo desta cartilha. Queremos que cada um dos trabalhadores conhe\u00e7a a nova lei e saiba quais s\u00e3o os preju\u00edzos que ela pode trazer a cada um individualmente e para o conjunto da categoria e da classe de trabalhadores como um todo. Por isso, fa\u00e7am bom proveito deste material. Leiam, anotem e promovam debates sobre seu conte\u00fado\u201d, explicou o presidente da Contraf-CUT.<\/p>\n<p>A cartilha est\u00e1 dispon\u00edvel na vers\u00e3o para gr\u00e1fica e web na se\u00e7\u00e3o de publica\u00e7\u00f5es do site.<\/p>\n<p><strong>Fonte: Contraf-CUT<\/strong><\/p>\n","protected":false},"excerpt":{"rendered":"<p>A Confedera\u00e7\u00e3o Nacional dos Trabalhadores no Ramo Financeiro (Contraf-CUT) disponibiliza em seu site a Cartilha da Reforma Trabalhista. A publica\u00e7\u00e3o explica em detalhes as mudan\u00e7as da nova lei trabalhista, que entra em vigor a partir de novembro. As mudan\u00e7as v\u00e3o promover um retrocesso de quase um s\u00e9culo nas conquistas trabalhistas. \u201cOs trabalhadores ficar\u00e3o fr\u00e1geis frente [&hellip;]<\/p>\n","protected":false},"author":2,"featured_media":3174,"comment_status":"","ping_status":"","sticky":false,"template":"","format":"standard","meta":{"footnotes":""},"categories":[3],"tags":[],"class_list":["post-3175","post","type-post","status-publish","format-standard","has-post-thumbnail","hentry","category-noticias"],"_links":{"self":[{"href":"https:\/\/hostnetart.com.br\/baixada\/wp-json\/wp\/v2\/posts\/3175","targetHints":{"allow":["GET"]}}],"collection":[{"href":"https:\/\/hostnetart.com.br\/baixada\/wp-json\/wp\/v2\/posts"}],"about":[{"href":"https:\/\/hostnetart.com.br\/baixada\/wp-json\/wp\/v2\/types\/post"}],"author":[{"embeddable":true,"href":"https:\/\/hostnetart.com.br\/baixada\/wp-json\/wp\/v2\/users\/2"}],"replies":[{"embeddable":true,"href":"https:\/\/hostnetart.com.br\/baixada\/wp-json\/wp\/v2\/comments?post=3175"}],"version-history":[{"count":0,"href":"https:\/\/hostnetart.com.br\/baixada\/wp-json\/wp\/v2\/posts\/3175\/revisions"}],"wp:featuredmedia":[{"embeddable":true,"href":"https:\/\/hostnetart.com.br\/baixada\/wp-json\/wp\/v2\/media\/3174"}],"wp:attachment":[{"href":"https:\/\/hostnetart.com.br\/baixada\/wp-json\/wp\/v2\/media?parent=3175"}],"wp:term":[{"taxonomy":"category","embeddable":true,"href":"https:\/\/hostnetart.com.br\/baixada\/wp-json\/wp\/v2\/categories?post=3175"},{"taxonomy":"post_tag","embeddable":true,"href":"https:\/\/hostnetart.com.br\/baixada\/wp-json\/wp\/v2\/tags?post=3175"}],"curies":[{"name":"wp","href":"https:\/\/api.w.org\/{rel}","templated":true}]}}