{"id":3171,"date":"2017-10-09T20:44:25","date_gmt":"2017-10-09T23:44:25","guid":{"rendered":"https:\/\/hostnetart.com.br\/baixada\/os-empregados-da-caixa-precisam-se-mobilizar-contra-a-privatizacao\/"},"modified":"2017-10-09T20:44:25","modified_gmt":"2017-10-09T23:44:25","slug":"os-empregados-da-caixa-precisam-se-mobilizar-contra-a-privatizacao","status":"publish","type":"post","link":"https:\/\/hostnetart.com.br\/baixada\/os-empregados-da-caixa-precisam-se-mobilizar-contra-a-privatizacao\/","title":{"rendered":"Os empregados da Caixa precisam se mobilizar contra a privatiza\u00e7\u00e3o"},"content":{"rendered":"<h2><em><span style=\"text-decoration: underline;\">A cada dia fica mais claro o projeto do governo Temer de fatiar e entregar setores do banco para a iniciativa privada<\/span><\/em><\/h2>\n<p>Est\u00e1 na hora dos empregados intensificarem a luta contra a privatiza\u00e7\u00e3o da Caixa Econ\u00f4mica Federal.\u00a0 A cada dia fica escancarado o projeto do governo Temer de fatiar e entregar setores do banco para a iniciativa privada. Na sexta-feira passada (6), por exemplo, o jornal Valor Econ\u00f4mico informou que o ministro da Fazenda, Henrique Meirelles, e o presidente da Caixa, Gilberto Occhi, discutiram o novo estatuto do banco. Apesar do argumento de melhorar a governan\u00e7a, o objetivo real \u00e9 transformar a Caixa em Sociedade An\u00f4nima, o que abre espa\u00e7o para a abertura de capital.<\/p>\n<p>J\u00e1 nesta segunda-feira (9), o Relat\u00f3rio Reservado, conhecida newsletter de neg\u00f3cios e finan\u00e7as do pa\u00eds, noticia: o governo pretende atrair bancos estrangeiros para participar da privatiza\u00e7\u00e3o da institui\u00e7\u00e3o.<\/p>\n<p>\u201cA decis\u00e3o de venda da CEF ser\u00e1 anunciada em pronunciamento do presidente Michel Temer, no final do ano\u201d, garante a publica\u00e7\u00e3o. Segundo o texto, a opera\u00e7\u00e3o \u00e9 vista como uma das raras capazes de gerar os recursos para o equil\u00edbrio das contas p\u00fablicas.<\/p>\n<p>\u201cA Caixa \u00e9 um dos maiores patrim\u00f4nios do povo, pois tem sido ao longo de sua exist\u00eancia o principal agente de pol\u00edticas sociais do governo brasileiro. Ajudando, especialmente, aquelas pessoas mais pobres a ter acesso a cr\u00e9dito, moradia, educa\u00e7\u00e3o, saneamento, seguran\u00e7a, previd\u00eancia e assist\u00eancia social\u201d, afirmou Fabiana Uehara Proscholdt, secret\u00e1ria da Juventude da Contaf-CUT e empregada da CAIXA. \u201cA hist\u00f3ria j\u00e1 mostrou que a mobiliza\u00e7\u00e3o dos empregados junto com a sociedade n\u00e3o permitiu que nossa empresa fosse privatizada nos anos 90. \u00c9 hora da minha gera\u00e7\u00e3o tamb\u00e9m tomar essa responsabilidade\u201d, completou Fabiana.<\/p>\n<p>&#8220;Podemos reverter esse cen\u00e1rio temeroso. Vamos intensificar a luta!!!&#8221; refor\u00e7ou Sergio Takemoto, Secret\u00e1rio de Finan\u00e7as e empregado da CAIXA<\/p>\n<p>Tamb\u00e9m nesta segunda-feira, o senador Lindbergh Farias (PT-RJ) divulgou v\u00eddeo em sua p\u00e1gina pessoal no Facebook denunciando a inten\u00e7\u00e3o do governo Temer de abrir o capital da Caixa.\u00a0 Para ele, \u00e9 essencial que o banco continue 100% p\u00fablico. \u201cA l\u00f3gica de uma empresa privada \u00e9 diferente de uma p\u00fablica, como a Caixa, que cuida de projetos que s\u00e3o fundamentais para o desenvolvimento do pa\u00eds, como o Minha Casa Minha Vida, o Fies, o Bolsa Fam\u00edlia\u201d, disse.<\/p>\n<p><em><strong>Defenda a Caixa voc\u00ea tamb\u00e9m<\/strong><\/em><\/p>\n<p>No dia 3 de outubro, no Rio de Janeiro (RJ), o movimento sindical lan\u00e7ou a campanha \u201cDefenda a Caixa voc\u00ea tamb\u00e9m\u201d. A iniciativa &#8211; realizada em parceria com as centrais sindicais CUT, CTB, Intersindical e Conlutas, al\u00e9m de Apcefs, Contraf, federa\u00e7\u00f5es e sindicatos de banc\u00e1rios &#8211; visa mostrar a import\u00e2ncia do banco para o Brasil e os brasileiros, destacando a atua\u00e7\u00e3o em \u00e1reas como habita\u00e7\u00e3o, saneamento b\u00e1sico, infraestrutura, educa\u00e7\u00e3o, esporte, cultura, entre outras.<br \/><em><span style=\"text-decoration: underline;\"><br \/><\/span><\/em><strong>Fonte: Contraf-CUT, com Fenae<\/strong><\/p>\n","protected":false},"excerpt":{"rendered":"<p>A cada dia fica mais claro o projeto do governo Temer de fatiar e entregar setores do banco para a iniciativa privada Est\u00e1 na hora dos empregados intensificarem a luta contra a privatiza\u00e7\u00e3o da Caixa Econ\u00f4mica Federal.\u00a0 A cada dia fica escancarado o projeto do governo Temer de fatiar e entregar setores do banco para [&hellip;]<\/p>\n","protected":false},"author":2,"featured_media":3170,"comment_status":"","ping_status":"","sticky":false,"template":"","format":"standard","meta":{"footnotes":""},"categories":[3],"tags":[],"class_list":["post-3171","post","type-post","status-publish","format-standard","has-post-thumbnail","hentry","category-noticias"],"_links":{"self":[{"href":"https:\/\/hostnetart.com.br\/baixada\/wp-json\/wp\/v2\/posts\/3171","targetHints":{"allow":["GET"]}}],"collection":[{"href":"https:\/\/hostnetart.com.br\/baixada\/wp-json\/wp\/v2\/posts"}],"about":[{"href":"https:\/\/hostnetart.com.br\/baixada\/wp-json\/wp\/v2\/types\/post"}],"author":[{"embeddable":true,"href":"https:\/\/hostnetart.com.br\/baixada\/wp-json\/wp\/v2\/users\/2"}],"replies":[{"embeddable":true,"href":"https:\/\/hostnetart.com.br\/baixada\/wp-json\/wp\/v2\/comments?post=3171"}],"version-history":[{"count":0,"href":"https:\/\/hostnetart.com.br\/baixada\/wp-json\/wp\/v2\/posts\/3171\/revisions"}],"wp:featuredmedia":[{"embeddable":true,"href":"https:\/\/hostnetart.com.br\/baixada\/wp-json\/wp\/v2\/media\/3170"}],"wp:attachment":[{"href":"https:\/\/hostnetart.com.br\/baixada\/wp-json\/wp\/v2\/media?parent=3171"}],"wp:term":[{"taxonomy":"category","embeddable":true,"href":"https:\/\/hostnetart.com.br\/baixada\/wp-json\/wp\/v2\/categories?post=3171"},{"taxonomy":"post_tag","embeddable":true,"href":"https:\/\/hostnetart.com.br\/baixada\/wp-json\/wp\/v2\/tags?post=3171"}],"curies":[{"name":"wp","href":"https:\/\/api.w.org\/{rel}","templated":true}]}}