{"id":3169,"date":"2017-10-09T13:31:51","date_gmt":"2017-10-09T16:31:51","guid":{"rendered":"https:\/\/hostnetart.com.br\/baixada\/revogar-a-reforma-trabalhista-organizar-a-luta-e-resistir-e-preciso\/"},"modified":"2017-10-09T13:31:51","modified_gmt":"2017-10-09T16:31:51","slug":"revogar-a-reforma-trabalhista-organizar-a-luta-e-resistir-e-preciso","status":"publish","type":"post","link":"https:\/\/hostnetart.com.br\/baixada\/revogar-a-reforma-trabalhista-organizar-a-luta-e-resistir-e-preciso\/","title":{"rendered":"Revogar a reforma trabalhista: organizar a luta e resistir \u00e9 preciso!"},"content":{"rendered":"<p>Vivemos um dos piores per\u00edodos da hist\u00f3ria brasileira. Desde 2015, quando come\u00e7ou se organizar o golpe no Brasil, fal\u00e1vamos que n\u00e3o era um golpe na Presidenta Dilma, e sim na sociedade e na classe trabalhadora.<\/p>\n<p>Num verdadeiro acerto de contas com a Constitui\u00e7\u00e3o de 1988, o governo ileg\u00edtimo caminha na dire\u00e7\u00e3o de reformas estruturais de car\u00e1ter neoliberal, visando comprometer o pa\u00eds com uma trajet\u00f3ria de longo prazo de redu\u00e7\u00e3o do papel do Estado na economia, esvaziamento das pol\u00edticas sociais e preserva\u00e7\u00e3o das receitas provenientes dos lucros.<\/p>\n<p>Trata-se de fragilizar a democracia brasileira, acabar com os direitos da classe trabalhadora com as reformas trabalhista e Previdenci\u00e1ria e promover o desmonte do Estado brasileiro com privatiza\u00e7\u00f5es de nossas empresas estatais, a aprova\u00e7\u00e3o da PEC 95 que congela os gastos sociais por 20 anos, ou mesmo com a reforma do ensino m\u00e9dio.<\/p>\n<p>Neste ano a CUT realizou a 15\u00aa plen\u00e1ria Nacional, com o tema \u201c100 anos depois a luta continua\u201d, celebrando 100\u00ba anivers\u00e1rio da Revolu\u00e7\u00e3o Russa e da primeira Greve Geral no Brasil. Em 1917, a reivindica\u00e7\u00e3o central da classe trabalhadora no Brasil eram direitos b\u00e1sicos, como 13\u00ba sal\u00e1rio e f\u00e9rias &#8211; direitos que est\u00e3o sendo retirados por meio da reforma trabalhista. Esta reforma aniquila com a organiza\u00e7\u00e3o sindical brasileira, enfraquecendo os sindicatos e seu poder de negocia\u00e7\u00e3o e representa\u00e7\u00e3o, rompendo com os princ\u00edpios da Organiza\u00e7\u00e3o Internacional do Trabalho (OIT) de liberdade e autonomia sindical.<\/p>\n<p>Neste momento de profundo retrocesso, a CUT tem cumprido um papel protagonista em organizar a luta em defesa dos direitos da classe trabalhadora e da democracia, preservando a unidade com os movimentos sociais, pois sabemos que s\u00f3 com solidariedade de classe podemos avan\u00e7ar em direitos.<\/p>\n<p>Portanto, o horizonte de atua\u00e7\u00e3o do movimento sindical n\u00e3o pode se restringir \u00e0s lutas salariais. A resist\u00eancia \u00e0 forte agenda de retrocessos que vem sendo imposta somente ser\u00e1 poss\u00edvel atrav\u00e9s de uma atualiza\u00e7\u00e3o e renova\u00e7\u00e3o das estrat\u00e9gias de comunica\u00e7\u00e3o e mobiliza\u00e7\u00e3o.<\/p>\n<p>A CUT acerta novamente em propor a Campanha Nacional pela Anula\u00e7\u00e3o da Reforma Trabalhista, cujo principal instrumento \u00e9 um abaixo-assinado em apoio ao Projeto de Lei de Iniciativa Popular (PLIP) que revoga- ou seja, anula- a lei aprovada por Temer.<\/p>\n<p>\u00c9 tarefa central de todo o militante sindical combativo dialogar com os trabalhadores nos locais de trabalho e em seu local de moradia para coletar o m\u00e1ximo de assinaturas para o Projeto de Lei de Iniciativa Popular (http:\/\/anulareforma.cut.org.br\/).<\/p>\n<p>No dia 08 de novembro, a CUT ir\u00e1 a Bras\u00edlia em uma grande Caravana Nacional, para protocolar na C\u00e2mara dos Deputados o Projeto de Lei de Iniciativa Popular pela Anula\u00e7\u00e3o da Reforma Trabalhista, juntamente com as assinaturas recolhidas por todo o pa\u00eds em apoio ao projeto.<\/p>\n<p>No dia 10 de novembro, de norte a sul do pa\u00eds, a CUT em conjunto com as demais centrais sindicais e as Frentes Brasil Popular e Povo Sem Medo, ocupar\u00e1 as ruas para defender os direitos da classe trabalhadora, combater as reformas trabalhista e previdenci\u00e1ria, por meio de paralisa\u00e7\u00f5es nos locais de trabalho e atos p\u00fablicos em pra\u00e7as e avenidas.<\/p>\n<p>Vamos demonstrar para a direita brasileira, para o governo golpista, para o congresso nacional e empres\u00e1rios, que os movimentos sociais e sindical deste pa\u00eds n\u00e3o abrir\u00e3o m\u00e3o dos direitos sociais, trabalhistas e previdenci\u00e1rios.<\/p>\n<p>A base cutista neste dia estar\u00e1 nas ruas com toda a sua capacidade mobilizadora, tremulando nossas bandeiras vermelhas, com muita garra, energia e determina\u00e7\u00e3o, na defesa de nossos direitos. Continuamos lutando e almejando uma sociedade justa, igualit\u00e1ria e profundamente democr\u00e1tica!<\/p>\n<p><strong>Seguimos em luta defendendo nossos direitos sociais, trabalhistas e previdenci\u00e1rios!<\/strong><\/p>\n","protected":false},"excerpt":{"rendered":"<p>Vivemos um dos piores per\u00edodos da hist\u00f3ria brasileira. Desde 2015, quando come\u00e7ou se organizar o golpe no Brasil, fal\u00e1vamos que n\u00e3o era um golpe na Presidenta Dilma, e sim na sociedade e na classe trabalhadora. Num verdadeiro acerto de contas com a Constitui\u00e7\u00e3o de 1988, o governo ileg\u00edtimo caminha na dire\u00e7\u00e3o de reformas estruturais de [&hellip;]<\/p>\n","protected":false},"author":2,"featured_media":3168,"comment_status":"","ping_status":"","sticky":false,"template":"","format":"standard","meta":{"footnotes":""},"categories":[3],"tags":[],"class_list":["post-3169","post","type-post","status-publish","format-standard","has-post-thumbnail","hentry","category-noticias"],"_links":{"self":[{"href":"https:\/\/hostnetart.com.br\/baixada\/wp-json\/wp\/v2\/posts\/3169","targetHints":{"allow":["GET"]}}],"collection":[{"href":"https:\/\/hostnetart.com.br\/baixada\/wp-json\/wp\/v2\/posts"}],"about":[{"href":"https:\/\/hostnetart.com.br\/baixada\/wp-json\/wp\/v2\/types\/post"}],"author":[{"embeddable":true,"href":"https:\/\/hostnetart.com.br\/baixada\/wp-json\/wp\/v2\/users\/2"}],"replies":[{"embeddable":true,"href":"https:\/\/hostnetart.com.br\/baixada\/wp-json\/wp\/v2\/comments?post=3169"}],"version-history":[{"count":0,"href":"https:\/\/hostnetart.com.br\/baixada\/wp-json\/wp\/v2\/posts\/3169\/revisions"}],"wp:featuredmedia":[{"embeddable":true,"href":"https:\/\/hostnetart.com.br\/baixada\/wp-json\/wp\/v2\/media\/3168"}],"wp:attachment":[{"href":"https:\/\/hostnetart.com.br\/baixada\/wp-json\/wp\/v2\/media?parent=3169"}],"wp:term":[{"taxonomy":"category","embeddable":true,"href":"https:\/\/hostnetart.com.br\/baixada\/wp-json\/wp\/v2\/categories?post=3169"},{"taxonomy":"post_tag","embeddable":true,"href":"https:\/\/hostnetart.com.br\/baixada\/wp-json\/wp\/v2\/tags?post=3169"}],"curies":[{"name":"wp","href":"https:\/\/api.w.org\/{rel}","templated":true}]}}