{"id":3165,"date":"2017-10-09T13:27:16","date_gmt":"2017-10-09T16:27:16","guid":{"rendered":"https:\/\/hostnetart.com.br\/baixada\/ccj-aprova-feriado-nacional-no-dia-da-consciencia-negra\/"},"modified":"2017-10-09T13:27:16","modified_gmt":"2017-10-09T16:27:16","slug":"ccj-aprova-feriado-nacional-no-dia-da-consciencia-negra","status":"publish","type":"post","link":"https:\/\/hostnetart.com.br\/baixada\/ccj-aprova-feriado-nacional-no-dia-da-consciencia-negra\/","title":{"rendered":"CCJ aprova feriado nacional no Dia da Consci\u00eancia Negra"},"content":{"rendered":"<p>A Comiss\u00e3o de Constitui\u00e7\u00e3o e Justi\u00e7a e de Cidadania aprovou o Projeto de Lei 296\/15, do deputado Valmir Assun\u00e7\u00e3o (PT-BA), que transforma o Dia Nacional da Consci\u00eancia Negra \u2013 comemorado em 20 de novembro \u2013 em feriado em todo o Pa\u00eds.<\/p>\n<p>O autor ressalta que 20 de novembro \u00e9 a data da morte de Zumbi dos Palmares, l\u00edder da resist\u00eancia negra \u00e0 escravid\u00e3o na \u00e9poca do Brasil Colonial, e representa, no plano simb\u00f3lico, a heran\u00e7a hist\u00f3rica da popula\u00e7\u00e3o negra no processo de liberta\u00e7\u00e3o e de luta por direitos violados.<\/p>\n<p>O parecer do relator, deputado Chico Alencar (Psol-RJ), foi pela constitucionalidade, juridicidade e t\u00e9cnica legislativa do projeto e do substitutivo da Comiss\u00e3o de Cultura. Em vez de criar uma nova lei, o substitutivo modifica a Lei 662\/49, que define os feriados nacionais.<\/p>\n<p><strong>Fonte: C\u00e2mara dos Deputados<\/strong><\/p>\n","protected":false},"excerpt":{"rendered":"<p>A Comiss\u00e3o de Constitui\u00e7\u00e3o e Justi\u00e7a e de Cidadania aprovou o Projeto de Lei 296\/15, do deputado Valmir Assun\u00e7\u00e3o (PT-BA), que transforma o Dia Nacional da Consci\u00eancia Negra \u2013 comemorado em 20 de novembro \u2013 em feriado em todo o Pa\u00eds. O autor ressalta que 20 de novembro \u00e9 a data da morte de Zumbi [&hellip;]<\/p>\n","protected":false},"author":2,"featured_media":3164,"comment_status":"","ping_status":"","sticky":false,"template":"","format":"standard","meta":{"footnotes":""},"categories":[3],"tags":[],"class_list":["post-3165","post","type-post","status-publish","format-standard","has-post-thumbnail","hentry","category-noticias"],"_links":{"self":[{"href":"https:\/\/hostnetart.com.br\/baixada\/wp-json\/wp\/v2\/posts\/3165","targetHints":{"allow":["GET"]}}],"collection":[{"href":"https:\/\/hostnetart.com.br\/baixada\/wp-json\/wp\/v2\/posts"}],"about":[{"href":"https:\/\/hostnetart.com.br\/baixada\/wp-json\/wp\/v2\/types\/post"}],"author":[{"embeddable":true,"href":"https:\/\/hostnetart.com.br\/baixada\/wp-json\/wp\/v2\/users\/2"}],"replies":[{"embeddable":true,"href":"https:\/\/hostnetart.com.br\/baixada\/wp-json\/wp\/v2\/comments?post=3165"}],"version-history":[{"count":0,"href":"https:\/\/hostnetart.com.br\/baixada\/wp-json\/wp\/v2\/posts\/3165\/revisions"}],"wp:featuredmedia":[{"embeddable":true,"href":"https:\/\/hostnetart.com.br\/baixada\/wp-json\/wp\/v2\/media\/3164"}],"wp:attachment":[{"href":"https:\/\/hostnetart.com.br\/baixada\/wp-json\/wp\/v2\/media?parent=3165"}],"wp:term":[{"taxonomy":"category","embeddable":true,"href":"https:\/\/hostnetart.com.br\/baixada\/wp-json\/wp\/v2\/categories?post=3165"},{"taxonomy":"post_tag","embeddable":true,"href":"https:\/\/hostnetart.com.br\/baixada\/wp-json\/wp\/v2\/tags?post=3165"}],"curies":[{"name":"wp","href":"https:\/\/api.w.org\/{rel}","templated":true}]}}