{"id":3163,"date":"2017-10-09T13:25:23","date_gmt":"2017-10-09T16:25:23","guid":{"rendered":"https:\/\/hostnetart.com.br\/baixada\/contraf-cut-procura-banco-pan-por-reclamacoes-de-funcionarios-pela-plr\/"},"modified":"2017-10-09T13:25:23","modified_gmt":"2017-10-09T16:25:23","slug":"contraf-cut-procura-banco-pan-por-reclamacoes-de-funcionarios-pela-plr","status":"publish","type":"post","link":"https:\/\/hostnetart.com.br\/baixada\/contraf-cut-procura-banco-pan-por-reclamacoes-de-funcionarios-pela-plr\/","title":{"rendered":"Contraf-CUT procura Banco Pan por reclama\u00e7\u00f5es de funcion\u00e1rios pela PLR"},"content":{"rendered":"<p>A Contraf-CUT procurou, nesta sexta-feira (6), a dire\u00e7\u00e3o do Banco Pan para esclarecer algumas d\u00favidas referente ao pagamento da PLR, garantida pela Conven\u00e7\u00e3o Coletiva de Trabalho (CCT). O contato foi motivado pelo grande n\u00famero de questionamentos de funcion\u00e1rios recebidos pelos sindicatos de todo o Brasil.<\/p>\n<p>\u201cAguardamos um retorno do banco para entendermos o que motivou tantas reclama\u00e7\u00f5es dos funcion\u00e1rios\u201d, explicou Jair Alves, coordenador de negocia\u00e7\u00e3o do Banco Pan. \u201cEsperamos resolver o quanto antes esta situa\u00e7\u00e3o\u201d, completou.<\/p>\n<p><strong>Fonte: Contraf-CUT<\/strong><\/p>\n","protected":false},"excerpt":{"rendered":"<p>A Contraf-CUT procurou, nesta sexta-feira (6), a dire\u00e7\u00e3o do Banco Pan para esclarecer algumas d\u00favidas referente ao pagamento da PLR, garantida pela Conven\u00e7\u00e3o Coletiva de Trabalho (CCT). O contato foi motivado pelo grande n\u00famero de questionamentos de funcion\u00e1rios recebidos pelos sindicatos de todo o Brasil. \u201cAguardamos um retorno do banco para entendermos o que motivou [&hellip;]<\/p>\n","protected":false},"author":2,"featured_media":3162,"comment_status":"","ping_status":"","sticky":false,"template":"","format":"standard","meta":{"footnotes":""},"categories":[3],"tags":[],"class_list":["post-3163","post","type-post","status-publish","format-standard","has-post-thumbnail","hentry","category-noticias"],"_links":{"self":[{"href":"https:\/\/hostnetart.com.br\/baixada\/wp-json\/wp\/v2\/posts\/3163","targetHints":{"allow":["GET"]}}],"collection":[{"href":"https:\/\/hostnetart.com.br\/baixada\/wp-json\/wp\/v2\/posts"}],"about":[{"href":"https:\/\/hostnetart.com.br\/baixada\/wp-json\/wp\/v2\/types\/post"}],"author":[{"embeddable":true,"href":"https:\/\/hostnetart.com.br\/baixada\/wp-json\/wp\/v2\/users\/2"}],"replies":[{"embeddable":true,"href":"https:\/\/hostnetart.com.br\/baixada\/wp-json\/wp\/v2\/comments?post=3163"}],"version-history":[{"count":0,"href":"https:\/\/hostnetart.com.br\/baixada\/wp-json\/wp\/v2\/posts\/3163\/revisions"}],"wp:featuredmedia":[{"embeddable":true,"href":"https:\/\/hostnetart.com.br\/baixada\/wp-json\/wp\/v2\/media\/3162"}],"wp:attachment":[{"href":"https:\/\/hostnetart.com.br\/baixada\/wp-json\/wp\/v2\/media?parent=3163"}],"wp:term":[{"taxonomy":"category","embeddable":true,"href":"https:\/\/hostnetart.com.br\/baixada\/wp-json\/wp\/v2\/categories?post=3163"},{"taxonomy":"post_tag","embeddable":true,"href":"https:\/\/hostnetart.com.br\/baixada\/wp-json\/wp\/v2\/tags?post=3163"}],"curies":[{"name":"wp","href":"https:\/\/api.w.org\/{rel}","templated":true}]}}