{"id":3161,"date":"2017-10-06T16:49:04","date_gmt":"2017-10-06T19:49:04","guid":{"rendered":"https:\/\/hostnetart.com.br\/baixada\/rejeicao-a-temer-aumenta-para-77-aprovacao-e-de-3-aponta-cni-ibope\/"},"modified":"2017-10-06T16:49:04","modified_gmt":"2017-10-06T19:49:04","slug":"rejeicao-a-temer-aumenta-para-77-aprovacao-e-de-3-aponta-cni-ibope","status":"publish","type":"post","link":"https:\/\/hostnetart.com.br\/baixada\/rejeicao-a-temer-aumenta-para-77-aprovacao-e-de-3-aponta-cni-ibope\/","title":{"rendered":"Rejei\u00e7\u00e3o a Temer aumenta para 77%. Aprova\u00e7\u00e3o \u00e9 de 3%, aponta CNI\/Ibope"},"content":{"rendered":"<p>Nova edi\u00e7\u00e3o da pesquisa encomendada pela Confedera\u00e7\u00e3o Nacional da Ind\u00fastria (CNI) ao Ibope aponta que 77% da popula\u00e7\u00e3o considera o governo de Michel Temer ruim ou p\u00e9ssimo. A taxa de aprova\u00e7\u00e3o ficou em apenas 3%, que acham o governo \u00f3timo ou bom. Segundo o levantamento, 89% n\u00e3o aprovam a maneira de Temer governar e 92% disseram n\u00e3o confiar no atual presidente da Rep\u00fablica \u2013 apenas 7% aprovam o modo Temer de governar e 6% afirmaram que confiam no presidente.<\/p>\n<p>Dos entrevistados, 16% consideram o governo regular e outros 3% disseram n\u00e3o saber ou n\u00e3o responderam.<\/p>\n<p>O resultado vem em momento delicado, em que Temer se prepara para enfrentar a vota\u00e7\u00e3o da den\u00fancia por organiza\u00e7\u00e3o criminosa e obstru\u00e7\u00e3o de Justi\u00e7a na C\u00e2mara e enfrenta divis\u00f5es na base aliada do Congresso. Revela ainda que, apesar dos discursos de recupera\u00e7\u00e3o da economia, o preju\u00edzo sentido pelos brasileiros com as medidas do governo s\u00e3o grandes.<\/p>\n<p>Em mar\u00e7o de 2016, quando o governo de Dilma Rousseff estava em seu momento de mais forte bombardeio da imprensa e do Congresso, a presidenta que acabaria deposta tinha 10% de aprova\u00e7\u00e3o, e seu governo era rejeitado por 69%.<\/p>\n<p><strong>Compara\u00e7\u00f5es com governo Dilma<\/strong><\/p>\n<p>O governo Temer \u00e9 pior que o de Dilma para 59% dos ouvidos pela atual pesquisa CNI\/Ibope (eram 52% na pesquisa do m\u00eas de julho). Apenas 8% avaliaram que est\u00e1 melhor, enquanto para 31% as duas gest\u00f5es s\u00e3o iguais e 2% n\u00e3o souberam ou n\u00e3o responderam.<\/p>\n<p>As a\u00e7\u00f5es do governo Temer voltadas para o meio ambiente tiveram queda de aprova\u00e7\u00e3o de 21% para 15% e aumento da desaprova\u00e7\u00e3o de 70% para 79%. Na \u00e1rea de educa\u00e7\u00e3o, as pol\u00edticas tiveram queda na aprova\u00e7\u00e3o de 22% para 17% e aumento na desaprova\u00e7\u00e3o de 75% para 81%.<\/p>\n<p>Entre as not\u00edcias lembradas pela popula\u00e7\u00e3o que levaram ao aumento da rejei\u00e7\u00e3o ao presidente, foi apontada em primeiro lugar as que citam casos de corrup\u00e7\u00e3o (23%), seguidas das not\u00edcias relacionadas \u00e0 Opera\u00e7\u00e3o Lava Jato (11%) e da apreens\u00e3o de R$ 51 milh\u00f5es em apartamento ligado ao ex-ministro Geddel Vieira Lima (7%).<\/p>\n<p>As demais foram a libera\u00e7\u00e3o da explora\u00e7\u00e3o da Amaz\u00f4nia, junto com desmatamento na regi\u00e3o e venda de recursos naturais do Brasil (5%). E, por fim, a possibilidade de a Procuradoria-Geral da Rep\u00fablica anular o acordo de dela\u00e7\u00e3o da JBS (4%).<\/p>\n<p>A pesquisa, a terceira realizada pelo Ibope sob encomenda da CNI divulgada este ano, tomou como base um universo de 2 mil eleitores ouvidos entre os dias 15 e 20 de setembro, em 126 munic\u00edpios.<\/p>\n<p>Na \u00faltima edi\u00e7\u00e3o, divulgada em julho passado, o percentual de entrevistados que aprovava o presidente, que era de apenas 5%, conseguiu cair este m\u00eas para os 3% apontados desta vez. A rejei\u00e7\u00e3o aumentou de 70% em julho, para 77%.<\/p>\n<p><strong>Discuss\u00e3o sobre Amaz\u00f4nia pesou<\/strong><\/p>\n<p>A pesquisa tem n\u00edvel de confian\u00e7a da ordem de 95% \u2013 levando-se em conta uma margem de erro de dois pontos percentuais para mais ou para menos. Temer pode estar, portanto, a um ponto de percentual de n\u00e3o ser aprovado por ningu\u00e9m.<\/p>\n<p>O gerente-executivo de Pesquisa e Competitividade da CNI, Renato Fonseca, considera que al\u00e9m da crise econ\u00f4mica e do desemprego, os dados sugerem que a discuss\u00e3o sobre explora\u00e7\u00e3o dos min\u00e9rios na Amaz\u00f4nia ajudou a piorar a avalia\u00e7\u00e3o do governo.<\/p>\n","protected":false},"excerpt":{"rendered":"<p>Nova edi\u00e7\u00e3o da pesquisa encomendada pela Confedera\u00e7\u00e3o Nacional da Ind\u00fastria (CNI) ao Ibope aponta que 77% da popula\u00e7\u00e3o considera o governo de Michel Temer ruim ou p\u00e9ssimo. A taxa de aprova\u00e7\u00e3o ficou em apenas 3%, que acham o governo \u00f3timo ou bom. Segundo o levantamento, 89% n\u00e3o aprovam a maneira de Temer governar e 92% [&hellip;]<\/p>\n","protected":false},"author":2,"featured_media":3160,"comment_status":"","ping_status":"","sticky":false,"template":"","format":"standard","meta":{"footnotes":""},"categories":[3],"tags":[],"class_list":["post-3161","post","type-post","status-publish","format-standard","has-post-thumbnail","hentry","category-noticias"],"_links":{"self":[{"href":"https:\/\/hostnetart.com.br\/baixada\/wp-json\/wp\/v2\/posts\/3161","targetHints":{"allow":["GET"]}}],"collection":[{"href":"https:\/\/hostnetart.com.br\/baixada\/wp-json\/wp\/v2\/posts"}],"about":[{"href":"https:\/\/hostnetart.com.br\/baixada\/wp-json\/wp\/v2\/types\/post"}],"author":[{"embeddable":true,"href":"https:\/\/hostnetart.com.br\/baixada\/wp-json\/wp\/v2\/users\/2"}],"replies":[{"embeddable":true,"href":"https:\/\/hostnetart.com.br\/baixada\/wp-json\/wp\/v2\/comments?post=3161"}],"version-history":[{"count":0,"href":"https:\/\/hostnetart.com.br\/baixada\/wp-json\/wp\/v2\/posts\/3161\/revisions"}],"wp:featuredmedia":[{"embeddable":true,"href":"https:\/\/hostnetart.com.br\/baixada\/wp-json\/wp\/v2\/media\/3160"}],"wp:attachment":[{"href":"https:\/\/hostnetart.com.br\/baixada\/wp-json\/wp\/v2\/media?parent=3161"}],"wp:term":[{"taxonomy":"category","embeddable":true,"href":"https:\/\/hostnetart.com.br\/baixada\/wp-json\/wp\/v2\/categories?post=3161"},{"taxonomy":"post_tag","embeddable":true,"href":"https:\/\/hostnetart.com.br\/baixada\/wp-json\/wp\/v2\/tags?post=3161"}],"curies":[{"name":"wp","href":"https:\/\/api.w.org\/{rel}","templated":true}]}}