{"id":3145,"date":"2017-10-04T17:59:46","date_gmt":"2017-10-04T20:59:46","guid":{"rendered":"https:\/\/hostnetart.com.br\/baixada\/salario-minimo-do-brasileiro-deveria-ser-de-r-3-668-55-aponta-dieese\/"},"modified":"2017-10-04T17:59:46","modified_gmt":"2017-10-04T20:59:46","slug":"salario-minimo-do-brasileiro-deveria-ser-de-r-3-668-55-aponta-dieese","status":"publish","type":"post","link":"https:\/\/hostnetart.com.br\/baixada\/salario-minimo-do-brasileiro-deveria-ser-de-r-3-668-55-aponta-dieese\/","title":{"rendered":"Sal\u00e1rio m\u00ednimo do brasileiro deveria ser de R$ 3.668,55, aponta Dieese"},"content":{"rendered":"<p><em><span style=\"text-decoration: underline;\">O valor \u00e9 3,92 vezes do que o sal\u00e1rio em vigor em setembro, de R$ 937<\/span><\/em><\/p>\n<p>O sal\u00e1rio m\u00ednimo ideal para sustentar uma fam\u00edlia brasileira de quatro pessoas deveria ser R$ 3.668,55, de acordo com pesquisa do Departamento Intersindical de Estat\u00edsticas e Estudos Socioecon\u00f4micos (Dieese), divulgada nesta quarta-feira (4). O valor \u00e9 3,92 vezes do que o sal\u00e1rio em vigor em setembro, de R$ 937.\u00a0 A diferen\u00e7a entre o sal\u00e1rio m\u00ednimo real e o necess\u00e1rio caiu de agosto para setembro. No m\u00eas anterior, o ideal era que ele fosse de R$ 3.744,83 (4 vezes o sal\u00e1rio m\u00ednimo).<\/p>\n<p>Esses n\u00fameros fazem parte da pesquisa mensal que o Dieese realiza para calcular uma estimativa de quanto deveria ser o sal\u00e1rio m\u00ednimo para atender as necessidades b\u00e1sicas do trabalhador e de sua fam\u00edlia, como estabelecido na Constitui\u00e7\u00e3o: moradia, alimenta\u00e7\u00e3o, educa\u00e7\u00e3o, sa\u00fade, lazer, vestu\u00e1rio, higiene, transporte e Previd\u00eancia Social.<\/p>\n<p>\u00c9 importante lembrar que o sal\u00e1rio m\u00ednimo de 2017, de R$ 937, entrou em vigor em 1\u00ba de janeiro, com um aumento de 6,48% sobre os R$ 880 de m\u00ednimo em 2016 foi feito com base na infla\u00e7\u00e3o, segundo o \u00cdndice Nacional de Pre\u00e7os ao Consumidor (INPC).<\/p>\n<p>Segundo o Dieese, 2017 \u00e9 o primeiro ano em que o sal\u00e1rio m\u00ednimo n\u00e3o teve aumento real (acima da infla\u00e7\u00e3o) desde 2003, in\u00edcio da s\u00e9rie registrada pelo departamento.<\/p>\n<p><strong>Fonte: Contraf-CUT, com Dieese<\/strong><\/p>\n","protected":false},"excerpt":{"rendered":"<p>O valor \u00e9 3,92 vezes do que o sal\u00e1rio em vigor em setembro, de R$ 937 O sal\u00e1rio m\u00ednimo ideal para sustentar uma fam\u00edlia brasileira de quatro pessoas deveria ser R$ 3.668,55, de acordo com pesquisa do Departamento Intersindical de Estat\u00edsticas e Estudos Socioecon\u00f4micos (Dieese), divulgada nesta quarta-feira (4). O valor \u00e9 3,92 vezes do [&hellip;]<\/p>\n","protected":false},"author":2,"featured_media":3144,"comment_status":"","ping_status":"","sticky":false,"template":"","format":"standard","meta":{"footnotes":""},"categories":[3],"tags":[],"class_list":["post-3145","post","type-post","status-publish","format-standard","has-post-thumbnail","hentry","category-noticias"],"_links":{"self":[{"href":"https:\/\/hostnetart.com.br\/baixada\/wp-json\/wp\/v2\/posts\/3145","targetHints":{"allow":["GET"]}}],"collection":[{"href":"https:\/\/hostnetart.com.br\/baixada\/wp-json\/wp\/v2\/posts"}],"about":[{"href":"https:\/\/hostnetart.com.br\/baixada\/wp-json\/wp\/v2\/types\/post"}],"author":[{"embeddable":true,"href":"https:\/\/hostnetart.com.br\/baixada\/wp-json\/wp\/v2\/users\/2"}],"replies":[{"embeddable":true,"href":"https:\/\/hostnetart.com.br\/baixada\/wp-json\/wp\/v2\/comments?post=3145"}],"version-history":[{"count":0,"href":"https:\/\/hostnetart.com.br\/baixada\/wp-json\/wp\/v2\/posts\/3145\/revisions"}],"wp:featuredmedia":[{"embeddable":true,"href":"https:\/\/hostnetart.com.br\/baixada\/wp-json\/wp\/v2\/media\/3144"}],"wp:attachment":[{"href":"https:\/\/hostnetart.com.br\/baixada\/wp-json\/wp\/v2\/media?parent=3145"}],"wp:term":[{"taxonomy":"category","embeddable":true,"href":"https:\/\/hostnetart.com.br\/baixada\/wp-json\/wp\/v2\/categories?post=3145"},{"taxonomy":"post_tag","embeddable":true,"href":"https:\/\/hostnetart.com.br\/baixada\/wp-json\/wp\/v2\/tags?post=3145"}],"curies":[{"name":"wp","href":"https:\/\/api.w.org\/{rel}","templated":true}]}}