{"id":3137,"date":"2017-10-04T14:17:19","date_gmt":"2017-10-04T17:17:19","guid":{"rendered":"https:\/\/hostnetart.com.br\/baixada\/movimentos-sociais-ocupam-matriz-da-caixa-em-brasilia\/"},"modified":"2017-10-04T14:17:19","modified_gmt":"2017-10-04T17:17:19","slug":"movimentos-sociais-ocupam-matriz-da-caixa-em-brasilia","status":"publish","type":"post","link":"https:\/\/hostnetart.com.br\/baixada\/movimentos-sociais-ocupam-matriz-da-caixa-em-brasilia\/","title":{"rendered":"Movimentos sociais ocupam matriz da Caixa, em Bras\u00edlia"},"content":{"rendered":"<p>Movimentos sociais do Campo e da Cidade ocuparam na manh\u00e3 desta quarta-feira (4) a matriz da Caixa Econ\u00f4mica Federal, no setor banc\u00e1rio Sul, em Bras\u00edlia, para denunciar o congelamento de recursos e dos processos de contrata\u00e7\u00e3o do Programa Minha Casa, Minha Vida para os mais pobres, nas zonas rurais e urbanas. A atividade faz parte das a\u00e7\u00f5es do Dia Mundial dos Sem Teto.<\/p>\n<p>Em seguida, os manifestantes seguir\u00e3o em caminhada at\u00e9 o Minist\u00e9rio das Cidades<\/p>\n<p>No texto de divulga\u00e7\u00e3o do ato, os movimentos observam que \u201cna proposta or\u00e7ament\u00e1ria para 2018, enviada pelo governo ileg\u00edtimo de Michel Temer ao Congresso Nacional em 31 de agosto, para al\u00e9m dos cortes em diversas \u00e1reas sociais, o valor destinado para a rubrica Moradia Digna \u00e9 zero. Exatamente isso: o governo Temer n\u00e3o destina um real sequer para habita\u00e7\u00e3o popular!\u201d<\/p>\n<p>\u201cMovimentos de todo pa\u00eds ocupar\u00e3o as ruas para denunciar que \u2018or\u00e7amento zero para moradia \u00e9 golpe!\u2019\u201d, disse Evaniza Rodrigues, uma das lideran\u00e7as do movimento, que faz parte da Uni\u00e3o Nacional por Moradia Popular (UNMP), replicando a palavra de ordem definida pelos movimentos.<\/p>\n<p>Al\u00e9m de reivindicarem a retomada dos investimentos em habita\u00e7\u00e3o de interesse social, os movimentos tamb\u00e9m se manifestam em defesa das empresas p\u00fablicas brasileiras, que sofrem forte ataque do governo federal e est\u00e3o amea\u00e7adas pela pol\u00edtica de privatiza\u00e7\u00e3o implantada pelo governo, como a Caixa Econ\u00f4mica Federal, que \u00e9 fundamental na expans\u00e3o dos investimentos em moradia popular.<\/p>\n<p>\u201cDesde maio de 2016, o Governo Temer imp\u00f5e uma agenda contr\u00e1ria \u00e0 soberania nacional, amea\u00e7ando privatizar empresas e bancos p\u00fablicos, e entregar a pol\u00edtica Nacional de Saneamento e as nossas fontes naturais de \u00e1gua ao setor privado\u201d, afirma a nota.<\/p>\n<p>Os movimentos sociais tamb\u00e9m reclamam que o governo ileg\u00edtimo de Temer n\u00e3o realizou a 6\u00aa Confer\u00eancia Nacional das Cidades e, atendendo os interesses da bancada ruralista e de especuladores imobili\u00e1rios no Congresso Nacional, aprovou a lei 13465\/2017.<\/p>\n<p>\u201cPara atender aos movimentos populares, o governo anunciou a irris\u00f3ria contrata\u00e7\u00e3o de 70 mil unidades no Campo e na Cidade em 2017, sendo 35 mil unidades habitacionais para o Programa Minha Casa, Minha Vida Rural \u2013 PNHR &#8211; e 35 mil Unidades para o Programa Minha Casa, Minha Vida \u2013 Entidades. Entretanto, at\u00e9 o momento, nenhuma proposta foi selecionada nem contratada. E se selecionar, com este or\u00e7amento proposto, n\u00e3o haver\u00e1 recursos para contratar e construir\u201d, disse Evaniza.<\/p>\n<p>A nota divulgada pelos movimentos diz ainda que, com a pol\u00edtica aplicada pelo governo Temer, eles \u201centendem que n\u00e3o existe por parte desse governo golpista a inten\u00e7\u00e3o de construir qualquer pol\u00edtica p\u00fablica que seja alinhada \u00e0s necessidades da popula\u00e7\u00e3o de baixa renda\u201d.<\/p>\n<p>Segundo a nota, trata-se de uma estrat\u00e9gia para deixar as fam\u00edlias de baixa renda de fora das pol\u00edticas sociais, sem acesso \u00e0 terra e moradia rural e urbana, ao saneamento e ao transporte. \u201cTodo esse retrocesso nas pol\u00edticas de habita\u00e7\u00e3o e desenvolvimento urbano est\u00e3o contextualizados em uma conjuntura de avan\u00e7o neoliberal e conservador, de retirada de direitos trabalhistas e sociais, de ataques brutais \u00e0 previd\u00eancia social, de congelamento de gastos por 20 anos nas \u00e1reas da educa\u00e7\u00e3o e da sa\u00fade, de mega projetos rurais e urbanos que deslocam ou despejam comunidades urbanas e rurais, favelas, popula\u00e7\u00f5es tradicionais, quilombolas e ind\u00edgenas, e ainda, a\u00e7\u00f5es que criminalizam, amea\u00e7am e assassinam lideran\u00e7as populares\u201d, diz o texto.<\/p>\n<p><strong>Fonte: Contraf-CUT<\/strong><\/p>\n","protected":false},"excerpt":{"rendered":"<p>Movimentos sociais do Campo e da Cidade ocuparam na manh\u00e3 desta quarta-feira (4) a matriz da Caixa Econ\u00f4mica Federal, no setor banc\u00e1rio Sul, em Bras\u00edlia, para denunciar o congelamento de recursos e dos processos de contrata\u00e7\u00e3o do Programa Minha Casa, Minha Vida para os mais pobres, nas zonas rurais e urbanas. A atividade faz parte [&hellip;]<\/p>\n","protected":false},"author":2,"featured_media":3136,"comment_status":"","ping_status":"","sticky":false,"template":"","format":"standard","meta":{"footnotes":""},"categories":[3],"tags":[],"class_list":["post-3137","post","type-post","status-publish","format-standard","has-post-thumbnail","hentry","category-noticias"],"_links":{"self":[{"href":"https:\/\/hostnetart.com.br\/baixada\/wp-json\/wp\/v2\/posts\/3137","targetHints":{"allow":["GET"]}}],"collection":[{"href":"https:\/\/hostnetart.com.br\/baixada\/wp-json\/wp\/v2\/posts"}],"about":[{"href":"https:\/\/hostnetart.com.br\/baixada\/wp-json\/wp\/v2\/types\/post"}],"author":[{"embeddable":true,"href":"https:\/\/hostnetart.com.br\/baixada\/wp-json\/wp\/v2\/users\/2"}],"replies":[{"embeddable":true,"href":"https:\/\/hostnetart.com.br\/baixada\/wp-json\/wp\/v2\/comments?post=3137"}],"version-history":[{"count":0,"href":"https:\/\/hostnetart.com.br\/baixada\/wp-json\/wp\/v2\/posts\/3137\/revisions"}],"wp:featuredmedia":[{"embeddable":true,"href":"https:\/\/hostnetart.com.br\/baixada\/wp-json\/wp\/v2\/media\/3136"}],"wp:attachment":[{"href":"https:\/\/hostnetart.com.br\/baixada\/wp-json\/wp\/v2\/media?parent=3137"}],"wp:term":[{"taxonomy":"category","embeddable":true,"href":"https:\/\/hostnetart.com.br\/baixada\/wp-json\/wp\/v2\/categories?post=3137"},{"taxonomy":"post_tag","embeddable":true,"href":"https:\/\/hostnetart.com.br\/baixada\/wp-json\/wp\/v2\/tags?post=3137"}],"curies":[{"name":"wp","href":"https:\/\/api.w.org\/{rel}","templated":true}]}}