{"id":3135,"date":"2017-10-04T01:51:43","date_gmt":"2017-10-04T04:51:43","guid":{"rendered":"https:\/\/hostnetart.com.br\/baixada\/ato-em-defesa-da-soberania-nacional-no-rj-tem-presenca-do-sindbaixada\/"},"modified":"2017-10-04T01:51:43","modified_gmt":"2017-10-04T04:51:43","slug":"ato-em-defesa-da-soberania-nacional-no-rj-tem-presenca-do-sindbaixada","status":"publish","type":"post","link":"https:\/\/hostnetart.com.br\/baixada\/ato-em-defesa-da-soberania-nacional-no-rj-tem-presenca-do-sindbaixada\/","title":{"rendered":"Ato em defesa da soberania nacional no RJ tem presen\u00e7a do SindBaixada"},"content":{"rendered":"<p>O Sindicato dos Banc\u00e1rios da Baixada Fluminense, junto a trabalhadores de diversas categorias e militantes de movimentos sociais realizaram nesta \u00faltima ter\u00e7a-feira (3), no Rio de Janeiro, um ato em defesa da soberania nacional. A concentra\u00e7\u00e3o come\u00e7ou em frente \u00e0 sede da Eletrobr\u00e1s, por volta das 11h, e se deslocou durante a tarde pela regi\u00e3o central da cidade, com paradas em frente a sedes de empresas p\u00fablicas, como o Banco Nacional de Desenvolvimento Econ\u00f4mico e Social (BNDES) e a Petrobras, cujo decreto de cria\u00e7\u00e3o, editado por Get\u00falio Vargas, completou 64 anos nesta ter\u00e7a-feira.<\/p>\n<p>A dire\u00e7\u00e3o da Confedera\u00e7\u00e3o Nacional dos Trabalhadores do Ramo Financeiro (Contraf-CUT) participou da mobiliza\u00e7\u00e3o. \u201cEstamos aqui reunidos para dizer que n\u00e3o concordamos com a entrega do patrim\u00f4nio p\u00fablico para empresas privadas e defendemos a soberania e a independ\u00eancia do povo brasileiro. Queremos dar um basta no desmonte das empresas p\u00fablicas. Para isso, \u00e9 preciso que se restaure a democracia com a sa\u00edda de Temer e a realiza\u00e7\u00e3o de elei\u00e7\u00f5es diretas j\u00e1\u201d, disse Roberto von der Osten, presidente da Contraf-CUT.<\/p>\n<p>Para Vagner Freitas, presidente da Central \u00danica dos Trabalhadores (CUT), o governo Temer pretende que o pa\u00eds recue \u00e0 condi\u00e7\u00e3o de exportador de produtos prim\u00e1rio e depend\u00eancia do mercado externo. &#8220;Estamos aqui para defender a soberania nacional, defender nossas empresas e impedir que esses golpistas e entreguistas vendam nossas terras, nossas riquezas, nossa \u00e1gua, a nossa Amaz\u00f4nia&#8221;, disse.<\/p>\n<p>O coordenador da Federa\u00e7\u00e3o \u00danica dos Petroleiros (FUP-CUT), Jos\u00e9 Maria Rangel, ressaltou que a Petrobras est\u00e1 &#8220;sendo jogada \u00e0s tra\u00e7as, os estaleiros est\u00e3o parados&#8221;, e destacou que a pol\u00edtica de conte\u00fado local, que previa o fortalecimento dos setores industriais ligados ao petr\u00f3leo, vem sendo abandonada pelo governo Temer.<\/p>\n<p>Rangel afirmou que foi a presen\u00e7a do Estado, com a participa\u00e7\u00e3o dos bancos p\u00fablicos e empresas estatais, que garantiu a supera\u00e7\u00e3o da crise internacional que eclodiu em 2007. &#8220;Naquele momento, o povo sentiu muito menos os impactos da crise. \u00c9 o que a gente n\u00e3o v\u00ea hoje. O estado, em vez de investir, est\u00e1 tirando e vendendo nosso patrim\u00f4nio&#8221;.<\/p>\n<p><strong><em>Defesa da Caixa<\/em><\/strong><\/p>\n<p>Antes do ato em defesa da soberania, a Federa\u00e7\u00e3o Nacional das Associa\u00e7\u00f5es de Pessoal da Caixa Econ\u00f4mica Federal (Fenae), com o apoio da Contraf-CUT e das Associa\u00e7\u00f5es de Pessoal da Caixa (Apcefs) lan\u00e7ou a campanha &#8220;Defenda a Caixa Voc\u00ea Tamb\u00e9m&#8221;, em frente ao pr\u00e9dio Almirante Barroso, que abriga a maior ag\u00eancia banc\u00e1ria da Am\u00e9rica Latina.<\/p>\n<p>A campanha da Fenae mostra a import\u00e2ncia da Caixa para a vida dos trabalhadores e brasileiros em geral, destacando a atual dos bancos em \u00e1reas como habita\u00e7\u00e3o, saneamento, infraestrutura, educa\u00e7\u00e3o, esporte, cultura, agricultura, gest\u00e3o do FGTS.<\/p>\n<p>\u201cPraticamente 50% do sistema financeiro \u00e9 dominado pelos bancos p\u00fablicos. \u00c9 por isso que eles est\u00e3o desmontando os bancos p\u00fablicos para justificar uma posterior privatiza\u00e7\u00e3o. Os bancos privados apoiam esse governo porque querem abocanhar essa grande fatia do mercado. J\u00e1 tentaram isso nos anos 90 e foram vencidos pela nossa resist\u00eancia. Mais uma vez, vamos resistir e vamos derrot\u00e1-los\u201d, disse Sergio Takemoto secret\u00e1rio de Finan\u00e7as da Contraf-CUT.<\/p>\n<p>O presidente da Fenae, Jair Pedro Ferreira, ressaltou que a Caixa \u00e9 o banco que mais investe em projetos de constru\u00e7\u00e3o de moradias populares, concede incentivo ao esporte, d\u00e1 apoio \u00e0 cultura, financia a educa\u00e7\u00e3o e as micro e pequenas empresas, faz a gest\u00e3o do FGTS, atuando como uma empresa p\u00fablica fundamental para o desenvolvimento econ\u00f4mico e social do pa\u00eds. \u201cTudo isso est\u00e1 em risco com as medidas tomadas pelo governo, que quer abrir o capital do banco. Com a campanha \u2018Defensa a Caixa voc\u00ea tamb\u00e9m\u2019, vamos envolver toda a sociedade na defesa do banco e de sua atua\u00e7\u00e3o\u201d, disse.<\/p>\n<p><strong>Fonte: Contraf-CUT<\/strong><\/p>\n","protected":false},"excerpt":{"rendered":"<p>O Sindicato dos Banc\u00e1rios da Baixada Fluminense, junto a trabalhadores de diversas categorias e militantes de movimentos sociais realizaram nesta \u00faltima ter\u00e7a-feira (3), no Rio de Janeiro, um ato em defesa da soberania nacional. A concentra\u00e7\u00e3o come\u00e7ou em frente \u00e0 sede da Eletrobr\u00e1s, por volta das 11h, e se deslocou durante a tarde pela regi\u00e3o [&hellip;]<\/p>\n","protected":false},"author":2,"featured_media":3134,"comment_status":"","ping_status":"","sticky":false,"template":"","format":"standard","meta":{"footnotes":""},"categories":[3],"tags":[],"class_list":["post-3135","post","type-post","status-publish","format-standard","has-post-thumbnail","hentry","category-noticias"],"_links":{"self":[{"href":"https:\/\/hostnetart.com.br\/baixada\/wp-json\/wp\/v2\/posts\/3135","targetHints":{"allow":["GET"]}}],"collection":[{"href":"https:\/\/hostnetart.com.br\/baixada\/wp-json\/wp\/v2\/posts"}],"about":[{"href":"https:\/\/hostnetart.com.br\/baixada\/wp-json\/wp\/v2\/types\/post"}],"author":[{"embeddable":true,"href":"https:\/\/hostnetart.com.br\/baixada\/wp-json\/wp\/v2\/users\/2"}],"replies":[{"embeddable":true,"href":"https:\/\/hostnetart.com.br\/baixada\/wp-json\/wp\/v2\/comments?post=3135"}],"version-history":[{"count":0,"href":"https:\/\/hostnetart.com.br\/baixada\/wp-json\/wp\/v2\/posts\/3135\/revisions"}],"wp:featuredmedia":[{"embeddable":true,"href":"https:\/\/hostnetart.com.br\/baixada\/wp-json\/wp\/v2\/media\/3134"}],"wp:attachment":[{"href":"https:\/\/hostnetart.com.br\/baixada\/wp-json\/wp\/v2\/media?parent=3135"}],"wp:term":[{"taxonomy":"category","embeddable":true,"href":"https:\/\/hostnetart.com.br\/baixada\/wp-json\/wp\/v2\/categories?post=3135"},{"taxonomy":"post_tag","embeddable":true,"href":"https:\/\/hostnetart.com.br\/baixada\/wp-json\/wp\/v2\/tags?post=3135"}],"curies":[{"name":"wp","href":"https:\/\/api.w.org\/{rel}","templated":true}]}}