{"id":3133,"date":"2017-10-03T15:03:12","date_gmt":"2017-10-03T18:03:12","guid":{"rendered":"https:\/\/hostnetart.com.br\/baixada\/bancarios-participam-de-ato-em-defesa-da-soberania-nacional-no-rj\/"},"modified":"2017-10-03T15:03:12","modified_gmt":"2017-10-03T18:03:12","slug":"bancarios-participam-de-ato-em-defesa-da-soberania-nacional-no-rj","status":"publish","type":"post","link":"https:\/\/hostnetart.com.br\/baixada\/bancarios-participam-de-ato-em-defesa-da-soberania-nacional-no-rj\/","title":{"rendered":"Banc\u00e1rios participam de ato em defesa da soberania nacional no RJ"},"content":{"rendered":"<p><em><span style=\"text-decoration: underline;\">Manifesta\u00e7\u00e3o \u00e9 contra privatiza\u00e7\u00f5es e fim dos servi\u00e7os p\u00fablicos<\/span><\/em><\/p>\n<p>Os banc\u00e1rios de todo o Brasil se unem aos trabalhadores de todas as categorias para a realiza\u00e7\u00e3o de um grande ato em defesa da soberania nacional, contra as privatiza\u00e7\u00f5es de empresas e o fim dos servi\u00e7os p\u00fablicos ser\u00e1 realizado nesta ter\u00e7a-feira (3). A manifesta\u00e7\u00e3o acontecer\u00e1 a partir das 11h, em frente ao pr\u00e9dio da Eletrobr\u00e1s, na avenida Presidente Vargas, e seguir\u00e1 com paradas no BNDES e Petrobr\u00e1s.<\/p>\n<p>A mobiliza\u00e7\u00e3o tem o objetivo de impedir as amea\u00e7as do governo ileg\u00edtimo de Michel Temer, que quer privatizar setores estrat\u00e9gicos do Brasil, como energia, petr\u00f3leo, transportes e financeiro (bancos p\u00fablicos). \u00a0<\/p>\n<p>Para o presidente da Contraf-CUT, Roberto von der Osten, \u201cos bancos p\u00fablicos s\u00e3o instrumentos muito importantes da economia, de desenvolvimento das pol\u00edticas p\u00fablicas. N\u00f3s temos que defend\u00ea-los, defender nosso pa\u00eds. Defender o Brasil \u00e9 defender os bancos p\u00fablicos, defender os bancos p\u00fablicos como instrumento de pol\u00edtica antic\u00edclica, uma ferramenta para desenvolvimento econ\u00f4mico com distribui\u00e7\u00e3o de renda\u201d, afirma.<\/p>\n<p>A desvaloriza\u00e7\u00e3o dos bancos p\u00fablicos atinge diretamente o trabalhador banc\u00e1rio. \u201cOs banc\u00e1rios j\u00e1 sofrem com as reestrutura\u00e7\u00f5es, fechamentos de ag\u00eancias e lan\u00e7amentos de Planos de Demiss\u00f5es Volunt\u00e1ria. Se tem menos funcion\u00e1rios, os banc\u00e1rios t\u00eam que trabalhar o dobro\u201d, explica Rita Serrano, coordenadora do Comit\u00ea Nacional em Defesa das Empresas P\u00fablicas.<\/p>\n<p>Durante o ato no Rio de Janeiro tamb\u00e9m ser\u00e1 lan\u00e7ada a campanha \u201cDefenda a Caixa voc\u00ea tamb\u00e9m\u201d, iniciativa da Fenae, associa\u00e7\u00f5es de pessoal do banco (Apcefs) e outras entidades apoiadoras, como o Comit\u00ea Nacional em Defesa das Empresas P\u00fablicas.<\/p>\n<p><strong>Fonte: Contraf-CUT<\/strong><\/p>\n","protected":false},"excerpt":{"rendered":"<p>Manifesta\u00e7\u00e3o \u00e9 contra privatiza\u00e7\u00f5es e fim dos servi\u00e7os p\u00fablicos Os banc\u00e1rios de todo o Brasil se unem aos trabalhadores de todas as categorias para a realiza\u00e7\u00e3o de um grande ato em defesa da soberania nacional, contra as privatiza\u00e7\u00f5es de empresas e o fim dos servi\u00e7os p\u00fablicos ser\u00e1 realizado nesta ter\u00e7a-feira (3). A manifesta\u00e7\u00e3o acontecer\u00e1 a [&hellip;]<\/p>\n","protected":false},"author":2,"featured_media":3132,"comment_status":"","ping_status":"","sticky":false,"template":"","format":"standard","meta":{"footnotes":""},"categories":[3],"tags":[],"class_list":["post-3133","post","type-post","status-publish","format-standard","has-post-thumbnail","hentry","category-noticias"],"_links":{"self":[{"href":"https:\/\/hostnetart.com.br\/baixada\/wp-json\/wp\/v2\/posts\/3133","targetHints":{"allow":["GET"]}}],"collection":[{"href":"https:\/\/hostnetart.com.br\/baixada\/wp-json\/wp\/v2\/posts"}],"about":[{"href":"https:\/\/hostnetart.com.br\/baixada\/wp-json\/wp\/v2\/types\/post"}],"author":[{"embeddable":true,"href":"https:\/\/hostnetart.com.br\/baixada\/wp-json\/wp\/v2\/users\/2"}],"replies":[{"embeddable":true,"href":"https:\/\/hostnetart.com.br\/baixada\/wp-json\/wp\/v2\/comments?post=3133"}],"version-history":[{"count":0,"href":"https:\/\/hostnetart.com.br\/baixada\/wp-json\/wp\/v2\/posts\/3133\/revisions"}],"wp:featuredmedia":[{"embeddable":true,"href":"https:\/\/hostnetart.com.br\/baixada\/wp-json\/wp\/v2\/media\/3132"}],"wp:attachment":[{"href":"https:\/\/hostnetart.com.br\/baixada\/wp-json\/wp\/v2\/media?parent=3133"}],"wp:term":[{"taxonomy":"category","embeddable":true,"href":"https:\/\/hostnetart.com.br\/baixada\/wp-json\/wp\/v2\/categories?post=3133"},{"taxonomy":"post_tag","embeddable":true,"href":"https:\/\/hostnetart.com.br\/baixada\/wp-json\/wp\/v2\/tags?post=3133"}],"curies":[{"name":"wp","href":"https:\/\/api.w.org\/{rel}","templated":true}]}}