{"id":3131,"date":"2017-10-03T15:01:34","date_gmt":"2017-10-03T18:01:34","guid":{"rendered":"https:\/\/hostnetart.com.br\/baixada\/conselheiros-eleitos-da-fundacao-itau-unibanco-tomam-posse-nesta-terca-3\/"},"modified":"2017-10-03T15:01:34","modified_gmt":"2017-10-03T18:01:34","slug":"conselheiros-eleitos-da-fundacao-itau-unibanco-tomam-posse-nesta-terca-3","status":"publish","type":"post","link":"https:\/\/hostnetart.com.br\/baixada\/conselheiros-eleitos-da-fundacao-itau-unibanco-tomam-posse-nesta-terca-3\/","title":{"rendered":"Conselheiros eleitos da Funda\u00e7\u00e3o Ita\u00fa-Unibanco tomam posse nesta ter\u00e7a (3)"},"content":{"rendered":"<p>Acontece nesta ter\u00e7a-feira (3), na sede do Ita\u00fa-Unibanco , \u00e0s 11h, a cerim\u00f4nia de posse dos representantes dos participantes da Funda\u00e7\u00e3o Ita\u00fa-Unibanco. A Chapa 1 saiu vitoriosa na elei\u00e7\u00e3o, que elegeu nomes para o Conselho Deliberativo e Fiscal \u2013 Ativos e Assistidos.<\/p>\n<p>Na vota\u00e7\u00e3o para o Conselho Deliberativo e Fiscal \u2013 Ativos, a Chapa 1 teve 1.879 votos, elegendo Erica Monteiro de Godoy Mauri e Sergio Martins de Souza como titulares do Conselho Deliberativo, e Carlos Mauricio de Oliveira e Cesar Gomes Caldana como suplentes. No Conselho Fiscal entraram Ted Silvino Ferreira e Onisio Paulo Machado como titulares, e Jos\u00e9 Ribamar Pacheco e Antonio Augusto Borges.<\/p>\n<p>Na vota\u00e7\u00e3o para o Conselho Deliberativo e Fiscal \u2013 Assistidos, o n\u00famero foi ainda mais expressivo: 2.973 participantes apoiaram a Chapa 1. Eur\u00edpedes Arantes de Freitas e Manoel de Jesus Valverde assumem como titulares no Conselho Deliberativo, e Maria L\u00facia Machado e Jos\u00e9 Carlos Lavecchia como suplentes.<\/p>\n<p>\u00a0\u201cA Chapa 1 tem uma representatividade nacional ampla.\u00a0 Ela foi formada com o objetivo de discutir com a Funda\u00e7\u00e3o um novo plano para agregar cerca de 40 mil trabalhadores, que atualmente n\u00e3o possuem nenhum fundo de pens\u00e3o\u201d, explicou Jair Alves, coordenador da COE do Ita\u00fa-Unibanco.<\/p>\n<p>\u00a0<\/p>\n<p><strong>Fonte: Contraf-CUT<\/strong><\/p>\n","protected":false},"excerpt":{"rendered":"<p>Acontece nesta ter\u00e7a-feira (3), na sede do Ita\u00fa-Unibanco , \u00e0s 11h, a cerim\u00f4nia de posse dos representantes dos participantes da Funda\u00e7\u00e3o Ita\u00fa-Unibanco. A Chapa 1 saiu vitoriosa na elei\u00e7\u00e3o, que elegeu nomes para o Conselho Deliberativo e Fiscal \u2013 Ativos e Assistidos. Na vota\u00e7\u00e3o para o Conselho Deliberativo e Fiscal \u2013 Ativos, a Chapa 1 [&hellip;]<\/p>\n","protected":false},"author":2,"featured_media":3130,"comment_status":"","ping_status":"","sticky":false,"template":"","format":"standard","meta":{"footnotes":""},"categories":[3],"tags":[],"class_list":["post-3131","post","type-post","status-publish","format-standard","has-post-thumbnail","hentry","category-noticias"],"_links":{"self":[{"href":"https:\/\/hostnetart.com.br\/baixada\/wp-json\/wp\/v2\/posts\/3131","targetHints":{"allow":["GET"]}}],"collection":[{"href":"https:\/\/hostnetart.com.br\/baixada\/wp-json\/wp\/v2\/posts"}],"about":[{"href":"https:\/\/hostnetart.com.br\/baixada\/wp-json\/wp\/v2\/types\/post"}],"author":[{"embeddable":true,"href":"https:\/\/hostnetart.com.br\/baixada\/wp-json\/wp\/v2\/users\/2"}],"replies":[{"embeddable":true,"href":"https:\/\/hostnetart.com.br\/baixada\/wp-json\/wp\/v2\/comments?post=3131"}],"version-history":[{"count":0,"href":"https:\/\/hostnetart.com.br\/baixada\/wp-json\/wp\/v2\/posts\/3131\/revisions"}],"wp:featuredmedia":[{"embeddable":true,"href":"https:\/\/hostnetart.com.br\/baixada\/wp-json\/wp\/v2\/media\/3130"}],"wp:attachment":[{"href":"https:\/\/hostnetart.com.br\/baixada\/wp-json\/wp\/v2\/media?parent=3131"}],"wp:term":[{"taxonomy":"category","embeddable":true,"href":"https:\/\/hostnetart.com.br\/baixada\/wp-json\/wp\/v2\/categories?post=3131"},{"taxonomy":"post_tag","embeddable":true,"href":"https:\/\/hostnetart.com.br\/baixada\/wp-json\/wp\/v2\/tags?post=3131"}],"curies":[{"name":"wp","href":"https:\/\/api.w.org\/{rel}","templated":true}]}}