{"id":3123,"date":"2017-09-29T16:56:36","date_gmt":"2017-09-29T19:56:36","guid":{"rendered":"https:\/\/hostnetart.com.br\/baixada\/temer-vende-usinas-e-conta-vai-para-o-povo\/"},"modified":"2017-09-29T16:56:36","modified_gmt":"2017-09-29T19:56:36","slug":"temer-vende-usinas-e-conta-vai-para-o-povo","status":"publish","type":"post","link":"https:\/\/hostnetart.com.br\/baixada\/temer-vende-usinas-e-conta-vai-para-o-povo\/","title":{"rendered":"Temer vende usinas e conta vai para o povo"},"content":{"rendered":"<p>O governo golpista de Temer dando continuidade ao seu projeto antinacional de entrega das nossas empresas estatais ao capital transnacional, realizou na manh\u00e3 da quarta-feira (27), o leil\u00e3o de concess\u00e3o de opera\u00e7\u00e3o de quatro usinas da CEMIG.<\/p>\n<p>Jaguara e Miranda foram adquiridas pela Engie Brasil, de capital franc\u00eas, Volta Grande, foi comprada pela Enel, de capital italiano, que recentemente tamb\u00e9m comprou a Celg. S\u00e3o Sim\u00e3o foi adquirida pela State Power, Chinesa.<\/p>\n<p>A Confedera\u00e7\u00e3o Nacional dos Urbanit\u00e1rios esteve presente ao ato de protesto em frente \u00e0 sede da CEMIG promovido pelo Sindieletro-MG, CUT e movimentos sociais como o MAB, sendo representada pela diretora Fabiola Antezana e pelo diretor Jairo Nogueira Filho.<\/p>\n<p>A posi\u00e7\u00e3o das entidades nacionais \u00e9 bem clara: \u00e9 contra a privatiza\u00e7\u00e3o das usinas da CEMIG e do todo setor el\u00e9trico estatal. Por entender que essa venda \u00e9 crime de lesa-p\u00e1tria, um retrocesso que acaba com a soberania energ\u00e9tica nacional e que ter\u00e1 desdobramentos terr\u00edveis para os trabalhadores, com demiss\u00f5es, o aumento vertiginoso das terceiriza\u00e7\u00f5es, mas principalmente para a popula\u00e7\u00e3o que ter\u00e1 que arcar com a explos\u00e3o das tarifas de energia.<\/p>\n<p>Em 2012 a presidente Dilma exigiu tarifas mais baixas para os novos controladores das usinas, por meio da renova\u00e7\u00e3o das concess\u00f5es, o governo golpista vai \u00e0 contram\u00e3o e optou em adicionar um custo de mais de R$ 12,1 bilh\u00f5es nas tarifas de gera\u00e7\u00e3o dessas usinas com a cobran\u00e7a de b\u00f4nus de outorga &#8211; uma m\u00e9dia de R$ 400 milh\u00f5es de custo adicional por ano.<\/p>\n<p>Esse valor ser\u00e1 pago pelo consumidor na tarifa final de energia el\u00e9trica ao longo dos 30 anos de opera\u00e7\u00e3o dessas concess\u00f5es. Al\u00e9m de impor o aumento da tarifa para o consumidor, o governo abre m\u00e3o da gest\u00e3o de usinas estrat\u00e9gicas para o pa\u00eds transferindo o seu controle para empresas estrangeiras, da China, Fran\u00e7a e It\u00e1lia, empresas essas que s\u00e3o controladas ou t\u00eam forte participa\u00e7\u00e3o dos governos de seus respectivos pa\u00edses.<\/p>\n<p>Em S\u00e3o Paulo, sede da Bolsa de valores, desde as primeiras horas da manh\u00e3, dirigentes do Sinergia CUT estiveram na frente da Bovespa para protestar contra o leil\u00e3o. Essa posi\u00e7\u00e3o de embate e fortalecimento dos la\u00e7os entre as entidades do ramo eletricit\u00e1rio \u00e9 fundamental para a unifica\u00e7\u00e3o da luta contra o projeto de dilapida\u00e7\u00e3o do patrim\u00f4nio p\u00fablico, promovido por este governo corrupto e ileg\u00edtimo.<\/p>\n<p>Mesmo com o rev\u00e9s do leil\u00e3o, a Confedera\u00e7\u00e3o Nacional dos Urbanit\u00e1rios (CNU) e a Federa\u00e7\u00e3o Nacional dos Urbanit\u00e1rios (FNU) v\u00e3o continuar na luta junto com os companheiros do Sindieletro-MG buscando atrav\u00e9s da via judicial a anula\u00e7\u00e3o deste leil\u00e3o, assim como, pela articula\u00e7\u00e3o pol\u00edtica. N\u00e3o \u00e9 poss\u00edvel aceitar que um patrim\u00f4nio do povo de Minas, fique nas m\u00e3os do capital privado internacional. \u00c9 preciso fazer o enfrentamento at\u00e9 o final.<\/p>\n","protected":false},"excerpt":{"rendered":"<p>O governo golpista de Temer dando continuidade ao seu projeto antinacional de entrega das nossas empresas estatais ao capital transnacional, realizou na manh\u00e3 da quarta-feira (27), o leil\u00e3o de concess\u00e3o de opera\u00e7\u00e3o de quatro usinas da CEMIG. Jaguara e Miranda foram adquiridas pela Engie Brasil, de capital franc\u00eas, Volta Grande, foi comprada pela Enel, de [&hellip;]<\/p>\n","protected":false},"author":2,"featured_media":3122,"comment_status":"","ping_status":"","sticky":false,"template":"","format":"standard","meta":{"footnotes":""},"categories":[3],"tags":[],"class_list":["post-3123","post","type-post","status-publish","format-standard","has-post-thumbnail","hentry","category-noticias"],"_links":{"self":[{"href":"https:\/\/hostnetart.com.br\/baixada\/wp-json\/wp\/v2\/posts\/3123","targetHints":{"allow":["GET"]}}],"collection":[{"href":"https:\/\/hostnetart.com.br\/baixada\/wp-json\/wp\/v2\/posts"}],"about":[{"href":"https:\/\/hostnetart.com.br\/baixada\/wp-json\/wp\/v2\/types\/post"}],"author":[{"embeddable":true,"href":"https:\/\/hostnetart.com.br\/baixada\/wp-json\/wp\/v2\/users\/2"}],"replies":[{"embeddable":true,"href":"https:\/\/hostnetart.com.br\/baixada\/wp-json\/wp\/v2\/comments?post=3123"}],"version-history":[{"count":0,"href":"https:\/\/hostnetart.com.br\/baixada\/wp-json\/wp\/v2\/posts\/3123\/revisions"}],"wp:featuredmedia":[{"embeddable":true,"href":"https:\/\/hostnetart.com.br\/baixada\/wp-json\/wp\/v2\/media\/3122"}],"wp:attachment":[{"href":"https:\/\/hostnetart.com.br\/baixada\/wp-json\/wp\/v2\/media?parent=3123"}],"wp:term":[{"taxonomy":"category","embeddable":true,"href":"https:\/\/hostnetart.com.br\/baixada\/wp-json\/wp\/v2\/categories?post=3123"},{"taxonomy":"post_tag","embeddable":true,"href":"https:\/\/hostnetart.com.br\/baixada\/wp-json\/wp\/v2\/tags?post=3123"}],"curies":[{"name":"wp","href":"https:\/\/api.w.org\/{rel}","templated":true}]}}