{"id":3119,"date":"2017-09-29T16:50:40","date_gmt":"2017-09-29T19:50:40","guid":{"rendered":"https:\/\/hostnetart.com.br\/baixada\/contraf-cut-e-bb-debatem-sobre-a-unidade-de-integracao-de-varejo-unv\/"},"modified":"2017-09-29T16:50:40","modified_gmt":"2017-09-29T19:50:40","slug":"contraf-cut-e-bb-debatem-sobre-a-unidade-de-integracao-de-varejo-unv","status":"publish","type":"post","link":"https:\/\/hostnetart.com.br\/baixada\/contraf-cut-e-bb-debatem-sobre-a-unidade-de-integracao-de-varejo-unv\/","title":{"rendered":"Contraf-CUT e BB debatem sobre a Unidade de Integra\u00e7\u00e3o de Varejo &#8211; UNV"},"content":{"rendered":"<p>A Comiss\u00e3o de Empresa dos Funcion\u00e1rios do Banco do Brasil se reuniu nesta quarta-feira, 27, com o banco, para uma apresenta\u00e7\u00e3o sobre a Unidade Integra\u00e7\u00e3o Varejo &#8211; UNV.<\/p>\n<p>Os sindicatos solicitaram a reuni\u00e3o com o BB para esclarecimentos de d\u00favidas sobre o funcionamento da Unidade Integra\u00e7\u00e3o Varejo (UNV), \u00e1rea de atua\u00e7\u00e3o e, sobretudo, impacto no dia a dia das ag\u00eancias de varejo em todo o pa\u00eds.<\/p>\n<p>O Banco informou que os clientes n\u00e3o encarteirados estar\u00e3o vinculados a essa nova unidade, que far\u00e1 o gerenciamento do fluxo de atendimento para este perfil.<\/p>\n<p>Tamb\u00e9m foi apresentada toda a estrutura e objetivos da UNV, e conforme j\u00e1 divulgado em comunicados internos, a Unidade Integra\u00e7\u00e3o Varejo abranger\u00e1 inicialmente as pra\u00e7as de Bel\u00e9m, Curitiba, Joinville e Ribeir\u00e3o Preto.<\/p>\n<p>Os representantes dos funcion\u00e1rios questionaram sobre a dota\u00e7\u00e3o das unidades, a remunera\u00e7\u00e3o fixa e vari\u00e1vel, considerando os n\u00edveis das ag\u00eancias.<\/p>\n<p>Em resposta, o banco informou que a classifica\u00e7\u00e3o de n\u00edvel das ag\u00eancias ser\u00e1 mantida at\u00e9 o final de 2017 e que ainda est\u00e3o estudando sobre o modelo de n\u00edveis das ag\u00eancias de atendimento.<\/p>\n<p>Os sindicatos cobraram sobre as condi\u00e7\u00f5es em algumas ag\u00eancias fora da UNV, com quadro reduzido de ger\u00eancia m\u00e9dia, que est\u00e3o com problemas no deferimento de transa\u00e7\u00f5es por quest\u00f5es de al\u00e7ada e subordina\u00e7\u00e3o. O BB informou que j\u00e1 est\u00e1 analisando esta situa\u00e7\u00e3o para corrigir os problemas.<\/p>\n<p>O Banco fez o compromisso de se reunir com os Sindicatos das bases onde est\u00e1 implantada a UNV para maior esclarecimento sobre o funcionamento daquela Unidade, bem como a disposi\u00e7\u00e3o de nova reuni\u00e3o quando da amplia\u00e7\u00e3o da \u00e1rea de atua\u00e7\u00e3o da Unidade Integra\u00e7\u00e3o Varejo.<\/p>\n<p>Para o coordenador da Comiss\u00e3o de Empresa dos Funcion\u00e1rios do Banco do Brasil, Wagner Nascimento, a reuni\u00e3o foi produtiva, bem como positiva a disposi\u00e7\u00e3o do BB em debater com as entidades as mudan\u00e7as na rede de atendimento. \u201cPara n\u00f3s, que representamos quase cem mil funcion\u00e1rios, sempre estaremos analisando quaisquer impactos na vida desses funcion\u00e1rios\u201d, afirmou.<\/p>\n<p><em><strong>Termo de Compromisso<\/strong><\/em><\/p>\n<p>A Comiss\u00e3o de Empresa, em nome do Comando Nacional, cobrou do Banco uma resposta sobre o Termo de Compromisso entregue no \u00faltimo dia 14\/09 (veja mat\u00e9ria aqui). \u201cO termo visa garantir, em face da nova legisla\u00e7\u00e3o, a manuten\u00e7\u00e3o de direitos e benef\u00edcios negociados e conquistados ao longo de d\u00e9cadas, os quais boa parte o BB utiliza como forma de reten\u00e7\u00e3o de talentos na sua pol\u00edtica de gest\u00e3o de pessoas\u201d, informou Wagner. De acordo com o banco, ainda n\u00e3o h\u00e1 resposta sobre o assunto, uma vez que o documento est\u00e1 em an\u00e1lise.<\/p>\n<p><em><strong>Aditivo da Cl\u00e1usula 62 da CCT<\/strong><\/em><\/p>\n<p>A CONTRAF cobrou do Banco do Brasil uma reuni\u00e3o para tratar do termo aditivo \u00e0 Conven\u00e7\u00e3o Coletiva de Trabalho (CCT) 2016\/2018 para regulamentar a cria\u00e7\u00e3o de centros de realoca\u00e7\u00e3o e requalifica\u00e7\u00e3o profissional, conforme previsto na Cl\u00e1usula 62 da CCT.<\/p>\n<p>A negocia\u00e7\u00e3o sobre os centros de realoca\u00e7\u00e3o era uma pend\u00eancia que havia ficado da mesa de negocia\u00e7\u00f5es do ano passado e o Comando Nacional dos Banc\u00e1rios e a Fenaban chegaram a uma reda\u00e7\u00e3o final na \u00faltima reuni\u00e3o entre as partes, ocorrida no dia 24 de agosto.<\/p>\n<p>\u201cCobramos do banco uma reuni\u00e3o para tratar do assunto, uma vez que a Cl\u00e1usula 62 est\u00e1 ressalvada no acordo do BB. Contudo, o Banco do Brasil tanto participou do grupo bipartite como tamb\u00e9m assinou o Termo de Ades\u00e3o do Aditivo. Nosso entendimento \u00e9 de que podemos construir uma boa solu\u00e7\u00e3o para realoca\u00e7\u00e3o de funcion\u00e1rios, considerando as diversas reestrutura\u00e7\u00f5es feitas pelo BB em cada per\u00edodo, afirma Wagner Nascimento.<\/p>\n<p><strong>Fonte: Contraf-CUT<\/strong><\/p>\n","protected":false},"excerpt":{"rendered":"<p>A Comiss\u00e3o de Empresa dos Funcion\u00e1rios do Banco do Brasil se reuniu nesta quarta-feira, 27, com o banco, para uma apresenta\u00e7\u00e3o sobre a Unidade Integra\u00e7\u00e3o Varejo &#8211; UNV. Os sindicatos solicitaram a reuni\u00e3o com o BB para esclarecimentos de d\u00favidas sobre o funcionamento da Unidade Integra\u00e7\u00e3o Varejo (UNV), \u00e1rea de atua\u00e7\u00e3o e, sobretudo, impacto no [&hellip;]<\/p>\n","protected":false},"author":2,"featured_media":3118,"comment_status":"","ping_status":"","sticky":false,"template":"","format":"standard","meta":{"footnotes":""},"categories":[3],"tags":[],"class_list":["post-3119","post","type-post","status-publish","format-standard","has-post-thumbnail","hentry","category-noticias"],"_links":{"self":[{"href":"https:\/\/hostnetart.com.br\/baixada\/wp-json\/wp\/v2\/posts\/3119","targetHints":{"allow":["GET"]}}],"collection":[{"href":"https:\/\/hostnetart.com.br\/baixada\/wp-json\/wp\/v2\/posts"}],"about":[{"href":"https:\/\/hostnetart.com.br\/baixada\/wp-json\/wp\/v2\/types\/post"}],"author":[{"embeddable":true,"href":"https:\/\/hostnetart.com.br\/baixada\/wp-json\/wp\/v2\/users\/2"}],"replies":[{"embeddable":true,"href":"https:\/\/hostnetart.com.br\/baixada\/wp-json\/wp\/v2\/comments?post=3119"}],"version-history":[{"count":0,"href":"https:\/\/hostnetart.com.br\/baixada\/wp-json\/wp\/v2\/posts\/3119\/revisions"}],"wp:featuredmedia":[{"embeddable":true,"href":"https:\/\/hostnetart.com.br\/baixada\/wp-json\/wp\/v2\/media\/3118"}],"wp:attachment":[{"href":"https:\/\/hostnetart.com.br\/baixada\/wp-json\/wp\/v2\/media?parent=3119"}],"wp:term":[{"taxonomy":"category","embeddable":true,"href":"https:\/\/hostnetart.com.br\/baixada\/wp-json\/wp\/v2\/categories?post=3119"},{"taxonomy":"post_tag","embeddable":true,"href":"https:\/\/hostnetart.com.br\/baixada\/wp-json\/wp\/v2\/tags?post=3119"}],"curies":[{"name":"wp","href":"https:\/\/api.w.org\/{rel}","templated":true}]}}