{"id":3115,"date":"2017-09-28T19:51:12","date_gmt":"2017-09-28T22:51:12","guid":{"rendered":"https:\/\/hostnetart.com.br\/baixada\/fenae-lancara-campanha-defenda-a-caixa-voce-tambem-no-dia-3-de-outubro\/"},"modified":"2017-09-28T19:51:12","modified_gmt":"2017-09-28T22:51:12","slug":"fenae-lancara-campanha-defenda-a-caixa-voce-tambem-no-dia-3-de-outubro","status":"publish","type":"post","link":"https:\/\/hostnetart.com.br\/baixada\/fenae-lancara-campanha-defenda-a-caixa-voce-tambem-no-dia-3-de-outubro\/","title":{"rendered":"Fenae lan\u00e7ar\u00e1 campanha \u201cDefenda a Caixa voc\u00ea tamb\u00e9m\u201d no dia 3 de outubro"},"content":{"rendered":"<p><em><span style=\"text-decoration: underline;\">Manifesta\u00e7\u00e3o reafirma luta por Caixa 100% p\u00fablica e acontece como desdobramento de ato em defesa das estatais e da soberania nacional<\/span><\/em><\/p>\n<p>Em defesa da Caixa Econ\u00f4mica Federal 100% Brasil e 100% p\u00fablica, hoje amea\u00e7ada por pol\u00edticas de desmonte do patrim\u00f4nio p\u00fablico, a Fenae vai realizar na ter\u00e7a-feira, 3 de outubro, no Rio de Janeiro (RJ), o lan\u00e7amento da campanha nacional Defenda a Caixa voc\u00ea tamb\u00e9m. A iniciativa, em parceria com as Apcefs e a Contraf-CUT, conta com o apoio de trabalhadores e representantes de entidades de v\u00e1rios segmentos do pa\u00eds, integrando o ato em defesa da soberania nacional, que vai envolver diversas entidades e categorias.<\/p>\n<p>A ideia da campanha da Fenae \u00e9 mostrar como a Caixa \u00e9 essencial em \u00e1reas como habita\u00e7\u00e3o, saneamento, infraestrutura, educa\u00e7\u00e3o, esporte, cultura, agricultura. Enfim, para a vida dos trabalhadores e brasileiros em geral. A concentra\u00e7\u00e3o ser\u00e1 \u00e0s 11h, em frente ao pr\u00e9dio Almirante Barroso, que abriga a maior ag\u00eancia banc\u00e1ria da Am\u00e9rica Latina. Ap\u00f3s a atividade no \u201cBarros\u00e3o\u201d, os manifestantes seguir\u00e3o em caminhada por algumas ruas do centro do Rio, com paradas em pontos estrat\u00e9gicos como nas sedes do BNDES e da Petrobras.<\/p>\n<p>\u201cA Caixa \u00e9 o banco que mais investe em projetos de constru\u00e7\u00e3o de moradias populares, concede incentivo ao esporte, d\u00e1 apoio \u00e0 cultura, financia a educa\u00e7\u00e3o e as micro e pequenas empresas, atuando como uma empresa p\u00fablica fundamental para o desenvolvimento econ\u00f4mico e social do pa\u00eds. Tudo isso est\u00e1 em risco com as medidas tomadas pelo governo Temer. Todos n\u00f3s seremos prejudicados. Estamos lan\u00e7ando a campanha Defensa a Caixa voc\u00ea tamb\u00e9m para envolver toda a sociedade\u201d, explica Jair Pedro Ferreira, presidente da Fenae.<\/p>\n<p>Para Jair Ferreira, \u00e9 preciso dialogar com os diferentes segmentos, de modo a construir uma resist\u00eancia. \u201c\u00c9 fundamental que se defenda o patrim\u00f4nio p\u00fablico. No caso da Caixa, em especial, o projeto do governo \u00e9 vender a Lotex e fatiar \u00e1reas como a de habita\u00e7\u00e3o, cart\u00f5es e gest\u00e3o do FGTS. N\u00e3o podemos permitir esse retrocesso, pois a Caixa foi, \u00e9 e ser\u00e1 uma institui\u00e7\u00e3o vital para o Brasil. S\u00e3o 156 anos a servi\u00e7o dos brasileiros, e por tr\u00e1s de cada servi\u00e7o tem milhares de empregados e empregadas que vestem a camisa da Caixa 100% p\u00fablica\u201d, diz.<\/p>\n<p><em><strong>Por que defender a Caixa?<\/strong><\/em><br \/>Para se ter ideia da import\u00e2ncia da Caixa para o Brasil e os brasileiros, basta ver os dados da atua\u00e7\u00e3o nos mais diversos setores. Somente no primeiro semestre de 2017, a carteira imobili\u00e1ria totalizou R$ 421,4 bilh\u00f5es, com o banho ganhando 1,3 p.p. de participa\u00e7\u00e3o no mercado imobili\u00e1rio, mantendo a lideran\u00e7a com 68,1%. J\u00e1 as opera\u00e7\u00f5es de saneamento e infraestrutura cresceram 5,3% no per\u00edodo, com a carteira atingindo os R$ 79,9 bilh\u00f5es.<\/p>\n<p>Entre janeiro e junho, foram pagos cerca de 78,5 milh\u00f5es de benef\u00edcios sociais, num total de R$ 14,2 bilh\u00f5es, sendo R$ 13,7 bilh\u00f5es referentes ao Bolsa Fam\u00edlia. Em rela\u00e7\u00e3o aos programas voltados ao trabalhador, a Caixa realizou 196 milh\u00f5es de pagamentos, que totalizaram R$ 176,6 bilh\u00f5es. Tamb\u00e9m foram realizados 33,7 milh\u00f5es de pagamentos de aposentadorias e pens\u00f5es aos benefici\u00e1rios do INSS, correspondendo a R$ 40,7 bilh\u00f5es. Ao final de junho, a i o banco possu\u00eda 84,1 milh\u00f5es de correntistas e poupadores.<\/p>\n<p>\u201cA Caixa est\u00e1 na vida de todos os brasileiros diariamente, embora muitos n\u00e3o tenham essa no\u00e7\u00e3o. Por isso, defender o banco \u00e9 um direito e um dever de todos n\u00f3s. Temos que estar preparados para a luta, que n\u00e3o ser\u00e1 f\u00e1cil. O projeto do governo visa o enfraquecimento e a entrega de \u00e1reas da Caixa para a iniciativa privada, inclusive acabando com o papel social. A nossa convocat\u00f3ria \u00e9 clara: defenda a Caixa voc\u00ea tamb\u00e9m\u201d, destaca Jair Pedro Ferreira.<\/p>\n<p><strong>Fonte: Fenae<\/strong><\/p>\n","protected":false},"excerpt":{"rendered":"<p>Manifesta\u00e7\u00e3o reafirma luta por Caixa 100% p\u00fablica e acontece como desdobramento de ato em defesa das estatais e da soberania nacional Em defesa da Caixa Econ\u00f4mica Federal 100% Brasil e 100% p\u00fablica, hoje amea\u00e7ada por pol\u00edticas de desmonte do patrim\u00f4nio p\u00fablico, a Fenae vai realizar na ter\u00e7a-feira, 3 de outubro, no Rio de Janeiro (RJ), [&hellip;]<\/p>\n","protected":false},"author":2,"featured_media":3114,"comment_status":"","ping_status":"","sticky":false,"template":"","format":"standard","meta":{"footnotes":""},"categories":[3],"tags":[],"class_list":["post-3115","post","type-post","status-publish","format-standard","has-post-thumbnail","hentry","category-noticias"],"_links":{"self":[{"href":"https:\/\/hostnetart.com.br\/baixada\/wp-json\/wp\/v2\/posts\/3115","targetHints":{"allow":["GET"]}}],"collection":[{"href":"https:\/\/hostnetart.com.br\/baixada\/wp-json\/wp\/v2\/posts"}],"about":[{"href":"https:\/\/hostnetart.com.br\/baixada\/wp-json\/wp\/v2\/types\/post"}],"author":[{"embeddable":true,"href":"https:\/\/hostnetart.com.br\/baixada\/wp-json\/wp\/v2\/users\/2"}],"replies":[{"embeddable":true,"href":"https:\/\/hostnetart.com.br\/baixada\/wp-json\/wp\/v2\/comments?post=3115"}],"version-history":[{"count":0,"href":"https:\/\/hostnetart.com.br\/baixada\/wp-json\/wp\/v2\/posts\/3115\/revisions"}],"wp:featuredmedia":[{"embeddable":true,"href":"https:\/\/hostnetart.com.br\/baixada\/wp-json\/wp\/v2\/media\/3114"}],"wp:attachment":[{"href":"https:\/\/hostnetart.com.br\/baixada\/wp-json\/wp\/v2\/media?parent=3115"}],"wp:term":[{"taxonomy":"category","embeddable":true,"href":"https:\/\/hostnetart.com.br\/baixada\/wp-json\/wp\/v2\/categories?post=3115"},{"taxonomy":"post_tag","embeddable":true,"href":"https:\/\/hostnetart.com.br\/baixada\/wp-json\/wp\/v2\/tags?post=3115"}],"curies":[{"name":"wp","href":"https:\/\/api.w.org\/{rel}","templated":true}]}}