{"id":3113,"date":"2017-09-28T18:35:12","date_gmt":"2017-09-28T21:35:12","guid":{"rendered":"https:\/\/hostnetart.com.br\/baixada\/dia-03-de-outubro-dia-de-luta-pela-soberania-nacional\/"},"modified":"2017-09-28T18:35:12","modified_gmt":"2017-09-28T21:35:12","slug":"dia-03-de-outubro-dia-de-luta-pela-soberania-nacional","status":"publish","type":"post","link":"https:\/\/hostnetart.com.br\/baixada\/dia-03-de-outubro-dia-de-luta-pela-soberania-nacional\/","title":{"rendered":"Dia 03 de outubro, dia de luta pela soberania nacional"},"content":{"rendered":"<p><em><span style=\"text-decoration: underline;\">Dia 03 de outubro estaremos ocupando o Rio de Janeiro, em luta por soberania nacional!<\/span><\/em><\/p>\n<p>Neste dia \u00e9 anivers\u00e1rio da Petrobr\u00e1s e o Movimento de Atingidos por Barragem (MAB) estar\u00e1 realizando seu 8\u00ba encontro nacional aqui no Rio, com mais de quatro mil atingidos por barragem e uma s\u00e9rie de convidados internacionais.<\/p>\n<p>Sabemos que o Brasil possui em seu territ\u00f3rio enormes riquezas: petr\u00f3leo, \u00e1gua,\u00a0 a amaz\u00f4nia, min\u00e9rios, terras e um grande patrim\u00f4nio de empresas p\u00fablicas como a Petrobr\u00e1s, a Eletrobr\u00e1s, o Banco do Brasil, a Caixa Econ\u00f4mica Federal, a Casa da Moeda, o BNDES, a Cedae, entre outras.<\/p>\n<p>Exatamente por isso n\u00f3s da CUT e o MAB junto com as Frentes Brasil Popular, e Povo Sem Medo, compreendemos a import\u00e2ncia de fazer deste um grande dia de luta pela soberania nacional e para que nossas riquezas e empresas p\u00fablicas possam beneficiar todo povo brasileiro. Contaremos tamb\u00e9m com a presen\u00e7a do maior representante do povo brasileiro, Luiz In\u00e1cio Lula da Silva o maior presidente da nossa hist\u00f3ria.<\/p>\n<p>Por tudo isso convocamos todos os nossos sindicatos e a popula\u00e7\u00e3o carioca para se somar a este dia de luta que iniciar\u00e1 na porta da ELETROBR\u00c1S \u00e0s 11h (Esquina da Presidente Vargas com Rio Branco).<\/p>\n<p>Ao meio dia os companheiros e companheiras do MAB estar\u00e3o se somando, aos demais manifestantes, vindo numa bonita caminhada desde o Terrer\u00e3o do Samba, onde estar\u00e1 se realizando o encontro nacional deles. \u00c9 importante ressaltar tamb\u00e9m que, algumas categorias como, banc\u00e1rios e os trabalhadores da CEDAE, far\u00e3o mobiliza\u00e7\u00f5es pr\u00f3prias na parte da manh\u00e3 e ao 12h tamb\u00e9m v\u00e3o se somar na grande concentra\u00e7\u00e3o. A previs\u00e3o \u00e9 de que entre 13h e 13h30min a gente caminhe pela Av. Rio Branco at\u00e9 a Avenida Chile e se posicione no quadril\u00e1tero das estatais, de frente ao pr\u00e9dio da Petrobr\u00e1s e do BNDES, onde estar\u00e1 Lula.<\/p>\n<p><strong><em>Querem vender o Brasil.<\/em><\/strong><\/p>\n<p>O ileg\u00edtimo governo Temer, com apoio da maioria dos deputados e senadores e sob a prote\u00e7\u00e3o dos grandes meios de comunica\u00e7\u00e3o e do judici\u00e1rio, quer entregar aos banqueiros e empresas internacionais as maiores riquezas e o patrim\u00f4nio p\u00fablico do povo brasileiro.<\/p>\n<p>O objetivo deles \u00e9 explorar mais e lucrar muito.<\/p>\n<p><em><strong>se privatizar, VOC\u00ca vai pagar a conta!<\/strong><\/em><\/p>\n<p>&#8211; Atrav\u00e9s de grandes aumentos de tarifas nas contas de luz, de \u00e1gua, g\u00e1s de cozinha, e combust\u00edveis.<\/p>\n<p>&#8211; Com demiss\u00f5es e desempregos.<\/p>\n<p>\u00a0-Com piora na qualidade do servi\u00e7o: apag\u00f5es.<\/p>\n<p>&#8211; O patrim\u00f4nio pertence ao povo brasileiro. Privatizadas, voc\u00ea ter\u00e1 que pagar por algo que j\u00e1 lhe pertence.<\/p>\n<p>Toda riqueza produzida pelo nosso trabalho ser\u00e1 enviada para fora do pa\u00eds, para enriquecer os j\u00e1 bilion\u00e1rios empres\u00e1rios internacionais.<\/p>\n<p><em><strong>O povo ser\u00e1 o grande prejudicado!<\/strong><\/em><\/p>\n<p><em><strong>Dia 03 de outubro, dia de luta pela soberania nacional<\/strong><\/em><\/p>\n<p>Uma na\u00e7\u00e3o soberana n\u00e3o entrega suas reservas estrat\u00e9gicas, como a \u00e1gua, o petr\u00f3leo, a energia, a Amaz\u00f4nia, os minerais e suas empresas p\u00fablicas.<\/p>\n<p>No dia 3 de outubro, organiza\u00e7\u00f5es sociais e sindicais far\u00e3o uma grande luta na cidade do Rio de Janeiro.<\/p>\n","protected":false},"excerpt":{"rendered":"<p>Dia 03 de outubro estaremos ocupando o Rio de Janeiro, em luta por soberania nacional! Neste dia \u00e9 anivers\u00e1rio da Petrobr\u00e1s e o Movimento de Atingidos por Barragem (MAB) estar\u00e1 realizando seu 8\u00ba encontro nacional aqui no Rio, com mais de quatro mil atingidos por barragem e uma s\u00e9rie de convidados internacionais. Sabemos que o [&hellip;]<\/p>\n","protected":false},"author":2,"featured_media":3112,"comment_status":"","ping_status":"","sticky":false,"template":"","format":"standard","meta":{"footnotes":""},"categories":[3],"tags":[],"class_list":["post-3113","post","type-post","status-publish","format-standard","has-post-thumbnail","hentry","category-noticias"],"_links":{"self":[{"href":"https:\/\/hostnetart.com.br\/baixada\/wp-json\/wp\/v2\/posts\/3113","targetHints":{"allow":["GET"]}}],"collection":[{"href":"https:\/\/hostnetart.com.br\/baixada\/wp-json\/wp\/v2\/posts"}],"about":[{"href":"https:\/\/hostnetart.com.br\/baixada\/wp-json\/wp\/v2\/types\/post"}],"author":[{"embeddable":true,"href":"https:\/\/hostnetart.com.br\/baixada\/wp-json\/wp\/v2\/users\/2"}],"replies":[{"embeddable":true,"href":"https:\/\/hostnetart.com.br\/baixada\/wp-json\/wp\/v2\/comments?post=3113"}],"version-history":[{"count":0,"href":"https:\/\/hostnetart.com.br\/baixada\/wp-json\/wp\/v2\/posts\/3113\/revisions"}],"wp:featuredmedia":[{"embeddable":true,"href":"https:\/\/hostnetart.com.br\/baixada\/wp-json\/wp\/v2\/media\/3112"}],"wp:attachment":[{"href":"https:\/\/hostnetart.com.br\/baixada\/wp-json\/wp\/v2\/media?parent=3113"}],"wp:term":[{"taxonomy":"category","embeddable":true,"href":"https:\/\/hostnetart.com.br\/baixada\/wp-json\/wp\/v2\/categories?post=3113"},{"taxonomy":"post_tag","embeddable":true,"href":"https:\/\/hostnetart.com.br\/baixada\/wp-json\/wp\/v2\/tags?post=3113"}],"curies":[{"name":"wp","href":"https:\/\/api.w.org\/{rel}","templated":true}]}}