{"id":3111,"date":"2017-09-28T18:33:17","date_gmt":"2017-09-28T21:33:17","guid":{"rendered":"https:\/\/hostnetart.com.br\/baixada\/sindicatos-precisam-se-reinventar-e-encontrar-novas-formas-de-manifestacoes\/"},"modified":"2017-09-28T18:33:17","modified_gmt":"2017-09-28T21:33:17","slug":"sindicatos-precisam-se-reinventar-e-encontrar-novas-formas-de-manifestacoes","status":"publish","type":"post","link":"https:\/\/hostnetart.com.br\/baixada\/sindicatos-precisam-se-reinventar-e-encontrar-novas-formas-de-manifestacoes\/","title":{"rendered":"Sindicatos precisam se reinventar e encontrar novas formas de manifesta\u00e7\u00f5es"},"content":{"rendered":"<p><em><span style=\"text-decoration: underline;\">\u200bPara ju\u00edza, texto e autores da reforma trabalhista podem ser demonizados, mas sindicatos e Justi\u00e7a do Trabalho precisam reconhecer suas responsabilidades<\/span><\/em><\/p>\n<p>Na Primeira Mesa do 1\u00ba Semin\u00e1rio Jur\u00eddico Nacional da Confedera\u00e7\u00e3o Nacional dos Trabalhadores do Ramo Financeiro (Contraf-CUT), a ju\u00edza do Trabalho do Tribunal Regional do Trabalho do Rio Grande do Sul, Valdete Souto Severo, contribui com as reflex\u00f5es sobre as novas regras trazidas pela nova lei trabalhista no que diz respeito \u00e0 flexibiliza\u00e7\u00e3o da jornada e dos sal\u00e1rios dos trabalhadores.<\/p>\n<p>Antes de a ju\u00edza iniciar sua exposi\u00e7\u00e3o, o secret\u00e1rio Geral da Contraf-CUT, Carlos de Souza, destacou a import\u00e2ncia de os sindicatos manterem a mobiliza\u00e7\u00e3o das bases, sem se esquecer da luta no campo jur\u00eddico. \u201cVamos \u00e0s ruas, mas n\u00e3o podemos abrir m\u00e3o da estrat\u00e9gia jur\u00eddica, que \u00e9 um bra\u00e7o importante da luta em um cen\u00e1rio de retirada de direitos dos trabalhadores\u201d, disse.<\/p>\n<p>Para Valdete Souto Severo, o objetivo da nova lei trabalhista \u00e9, na verdade, impedir a atua\u00e7\u00e3o sindical, fragilizar a Justi\u00e7a do Trabalho e atacar direitos sociais e trabalhistas. Da forma como foi aprovada, a nova lei trabalhista vai permitir que as empresas, ao serem cobradas pelos sindicatos e pela Justi\u00e7a para que sejam cumpridas as leis, poder\u00e3o dizer que a lei n\u00e3o vale para elas, pois o acordo que ela fez com seus funcion\u00e1rios a autoriza a descumprir tais leis. \u201cEstamos em um momento no qual s\u00e3o indispens\u00e1veis a resist\u00eancia e a necessidade de avan\u00e7os em diversas quest\u00f5es com as quais n\u00e3o podemos compactuar. N\u00e3o podemos aceitar, por exemplo, negocia\u00e7\u00f5es que imponham perdas de direitos. Temos que lutar para que sejam garantidos os direitos presentes em nossa Constitui\u00e7\u00e3o\u201d, afirmou a magistrada.<\/p>\n<p><em><strong>O papel dos sindicatos<\/strong><\/em><br \/>A ju\u00edza destacou a import\u00e2ncia dos sindicatos neste processo. \u201cSindicato existe para defender os interesses da categoria que representa. Sindicato que n\u00e3o esteja fazendo isso n\u00e3o est\u00e1 cumprindo sua obriga\u00e7\u00e3o\u201d, observou a ju\u00edza. Para ela, se existe um aspecto positivo na aprova\u00e7\u00e3o da reforma trabalhista, talvez seja justamente o fato de despertar os sindicatos para essa quest\u00e3o.<\/p>\n<p>A ju\u00edza disse ainda que os sindicatos n\u00e3o podem esperar que a magistratura fa\u00e7a o enfrentamento da nova lei trabalhista. \u201cExistem muitos ju\u00edzes que s\u00e3o contra a nova lei, mas esse enfrentamento precisa ser feito pelos sindicatos. Se voc\u00eas n\u00e3o impedirem que as empresas implantem o trabalho intermitente, n\u00e3o esperem que que o magistrado o barre com decis\u00f5es judiciais\u201d, afirmou. \u201cSe n\u00e3o houver enfrentamento agora, nem voc\u00eas n\u00e3o ter\u00e3o mais pelo que lutar\u201d, completou a ju\u00edza.<\/p>\n<p>Para ela, o texto e os autores da reforma podem ser demonizados, mas \u00e9 preciso reconhecer a responsabilidade dos sindicatos e da Justi\u00e7a do Trabalho sobre esse processo. \u201cA maioria dos pontos que foram colocados no texto j\u00e1 estavam em discuss\u00e3o nas inst\u00e2ncias judiciais e n\u00e3o foram devidamente combatidas\u201d, observou a ju\u00edza.<\/p>\n<p><em><strong>O DNA da reforma<\/strong><\/em><br \/>Seria f\u00e1cil enfrentar a reforma com argumentos jur\u00eddicos, segundo a ju\u00edza. Mas, para ela, n\u00e3o se trata de uma quest\u00e3o jur\u00eddica. \u201cEssa reforma \u00e9 resultado de um projeto no qual n\u00e3o existe espa\u00e7o para quest\u00f5es sociais\u201d, disse.<\/p>\n<p>Para ela, nosso objetivo \u00e9 fazer com que a classe trabalhadora entenda que \u00e9 preciso enfrentar essa reforma e descobrir novas formas de manifesta\u00e7\u00e3o que atinjam o sistema financeiro. \u201cTemos que reinventar os sindicatos e as greves. N\u00e3o d\u00e1 para fecharmos as ag\u00eancias, mas o sistema continuar funcionando com as pessoas pagando suas contas pelos meios eletr\u00f4nicos\u201d, concluiu a magistrada.<\/p>\n<p>O 1\u00ba Semin\u00e1rio Jur\u00eddico Nacional da Contraf-CUT segue na tarde desta quinta-feira (28) e continua na manh\u00e3 e tarde desta sexta-feira.<\/p>\n<p><strong>Fonte: Contraf-CUT<\/strong><\/p>\n","protected":false},"excerpt":{"rendered":"<p>\u200bPara ju\u00edza, texto e autores da reforma trabalhista podem ser demonizados, mas sindicatos e Justi\u00e7a do Trabalho precisam reconhecer suas responsabilidades Na Primeira Mesa do 1\u00ba Semin\u00e1rio Jur\u00eddico Nacional da Confedera\u00e7\u00e3o Nacional dos Trabalhadores do Ramo Financeiro (Contraf-CUT), a ju\u00edza do Trabalho do Tribunal Regional do Trabalho do Rio Grande do Sul, Valdete Souto Severo, [&hellip;]<\/p>\n","protected":false},"author":2,"featured_media":3110,"comment_status":"","ping_status":"","sticky":false,"template":"","format":"standard","meta":{"footnotes":""},"categories":[3],"tags":[],"class_list":["post-3111","post","type-post","status-publish","format-standard","has-post-thumbnail","hentry","category-noticias"],"_links":{"self":[{"href":"https:\/\/hostnetart.com.br\/baixada\/wp-json\/wp\/v2\/posts\/3111","targetHints":{"allow":["GET"]}}],"collection":[{"href":"https:\/\/hostnetart.com.br\/baixada\/wp-json\/wp\/v2\/posts"}],"about":[{"href":"https:\/\/hostnetart.com.br\/baixada\/wp-json\/wp\/v2\/types\/post"}],"author":[{"embeddable":true,"href":"https:\/\/hostnetart.com.br\/baixada\/wp-json\/wp\/v2\/users\/2"}],"replies":[{"embeddable":true,"href":"https:\/\/hostnetart.com.br\/baixada\/wp-json\/wp\/v2\/comments?post=3111"}],"version-history":[{"count":0,"href":"https:\/\/hostnetart.com.br\/baixada\/wp-json\/wp\/v2\/posts\/3111\/revisions"}],"wp:featuredmedia":[{"embeddable":true,"href":"https:\/\/hostnetart.com.br\/baixada\/wp-json\/wp\/v2\/media\/3110"}],"wp:attachment":[{"href":"https:\/\/hostnetart.com.br\/baixada\/wp-json\/wp\/v2\/media?parent=3111"}],"wp:term":[{"taxonomy":"category","embeddable":true,"href":"https:\/\/hostnetart.com.br\/baixada\/wp-json\/wp\/v2\/categories?post=3111"},{"taxonomy":"post_tag","embeddable":true,"href":"https:\/\/hostnetart.com.br\/baixada\/wp-json\/wp\/v2\/tags?post=3111"}],"curies":[{"name":"wp","href":"https:\/\/api.w.org\/{rel}","templated":true}]}}