{"id":3109,"date":"2017-09-28T18:31:11","date_gmt":"2017-09-28T21:31:11","guid":{"rendered":"https:\/\/hostnetart.com.br\/baixada\/seminario-juridico-da-contraf-cut-vai-potencializar-resistencia-contra-ataques-aos-trabalhadores\/"},"modified":"2017-09-28T18:31:11","modified_gmt":"2017-09-28T21:31:11","slug":"seminario-juridico-da-contraf-cut-vai-potencializar-resistencia-contra-ataques-aos-trabalhadores","status":"publish","type":"post","link":"https:\/\/hostnetart.com.br\/baixada\/seminario-juridico-da-contraf-cut-vai-potencializar-resistencia-contra-ataques-aos-trabalhadores\/","title":{"rendered":"Semin\u00e1rio Jur\u00eddico da Contraf-CUT vai potencializar resist\u00eancia contra ataques aos trabalhadores"},"content":{"rendered":"<p><em><span style=\"text-decoration: underline;\">Com audit\u00f3rio completamente tomado por dirigentes e assessores jur\u00eddicos de sindicatos de todo o pa\u00eds, Contraf-CUT d\u00e1 in\u00edcio \u00e0 atividade<\/span><\/em><\/p>\n<p>Com o audit\u00f3rio completamente tomado por dirigentes sindicais e assessores jur\u00eddicos de sindicatos e federa\u00e7\u00f5es de todo o pa\u00eds, a Confedera\u00e7\u00e3o Nacional dos Trabalhadores do Ramo Financeiro (Contraf-CUT) abriu seu 1\u00ba Semin\u00e1rio Jur\u00eddico Nacional com o objetivo de organizar e potencializar a interven\u00e7\u00e3o das assessorias jur\u00eddicas dos sindicatos de banc\u00e1rios, uniformizando teses sobre o enfrentamento junto ao judici\u00e1rio trabalhista dos ataques aos direitos dos trabalhadores e assim minimizar os efeitos nefastos da nova legisla\u00e7\u00e3o trabalhista, sem jamais abdicar de denunci\u00e1-la de forma contundente e lutar por sua revoga\u00e7\u00e3o. As atividades seguem at\u00e9 amanh\u00e3 (sexta-feira, 29).<\/p>\n<p>\u201cEsperamos conseguir, nestes dois dias, ampliar nossa reflex\u00e3o sobre o tema para que a Contraf-CUT, suas federa\u00e7\u00f5es e sindicatos filiados continuem sendo a vanguarda, tanto na atua\u00e7\u00e3o jur\u00eddica quanto pol\u00edtica, da resist\u00eancia contra essa reforma e contra toda tentativa de retirada de direitos dos trabalhadores e de precariza\u00e7\u00e3o das condi\u00e7\u00f5es de trabalho\u201d, disse Mauri Sergio Martins de Souza, secret\u00e1rio de Assuntos Jur\u00eddicos da Contraf-CUT, na abertura do semin\u00e1rio.<\/p>\n<p>Roberto von der Osten, presidente da Contraf-CUT ressaltou a import\u00e2ncia do acordo de dois anos assinado pela categoria com a Federa\u00e7\u00e3o Nacional dos Bancos (Fenaban) em 2016. O acordo garante os direitos estabelecidos em Conven\u00e7\u00e3o Coletiva de Trabalho (CCT) dos banc\u00e1rios at\u00e9 31 de agosto de 2018. \u201cTeremos a oportunidade de observar como se dar\u00e3o as negocia\u00e7\u00f5es das demais categorias neste ano. E temos nas negocia\u00e7\u00f5es dos petroleiros com a Petrobras, um exemplo de que v\u00e3o tentar, de toda e qualquer forma, retirar direitos dos trabalhadores\u201d, disse, presidente da Contraf-CUT, durante a mesa de abertura do semin\u00e1rio.<\/p>\n<p>Von der Osten lembrou ainda que na 19\u00aa Confer\u00eancia Nacional dos Banc\u00e1rios, realizada entre 28 e 30 de julho, em S\u00e3o Paulo, a Contraf-CUT se adiantou neste processo de resist\u00eancia contra a implementa\u00e7\u00e3o da nova legisla\u00e7\u00e3o trabalhista, que entra em vigor em novembro. \u201cElaboramos um termo de compromisso no qual pedimos que os bancos se comprometam a n\u00e3o implementarem os pontos da nova lei que tragampreju\u00edzo aos trabalhadores. J\u00e1 entregamos esse termo \u00e0 Fenaban e a diversos bancos e vamos a entreg\u00e1-lo a todos eles\u201d, destacou o presidente da Contraf-CUT.<\/p>\n<p>A Contraf-CUT disponibilizou em seu site na \u00faltima quarta-feira (27) um material explicando o motivo pelo qual cada um dos 21 pontos foi inclu\u00eddo no termo de compromisso entregue \u00e0 Fenaban. Na \u00faltima reuni\u00e3o entre o Comando Nacional dos Banc\u00e1rios e a Fenaban, os representantes dos bancos disseram que o termo ainda n\u00e3o havia sido analisado pelas institui\u00e7\u00f5es financeiras.<\/p>\n<p><strong><em>Revoga\u00e7\u00e3o da reforma<\/em><\/strong><br \/>A Central \u00danica dos Trabalhadores (CUT) iniciou no dia 7 de setembro, durante as manifesta\u00e7\u00f5es do Grito dos Exclu\u00eddos, uma campanha pela revoga\u00e7\u00e3o da reforma trabalhista. A inten\u00e7\u00e3o \u00e9 coletar 1,3 milh\u00e3o de assinaturas para dar entrada no Congresso Nacional com um Projeto de Lei de Iniciativa Popular de revoga\u00e7\u00e3o da reforma.<\/p>\n<p>\u201cNossa inten\u00e7\u00e3o \u00e9 que os sindicatos v\u00e3o at\u00e9 suas bases para esclarecer os trabalhadores e a sociedade como um todo sobre os danos desta reforma trabalhista e das demais propostas apresentadas pelo governo Temer. Al\u00e9m de revogar a reforma trabalhista queremos impedir a aprova\u00e7\u00e3o da reforma da previd\u00eancia e, no ano que vem, mudar completamente a configura\u00e7\u00e3o deste Congresso Nacional, que hoje \u00e9 composta por uma maioria que n\u00e3o defende os interesses dos trabalhadores\u201d, disse Valeir Ertle, secret\u00e1rio de Assuntos Jur\u00eddicos da CUT Nacional.<\/p>\n<p><strong>Fonte: Contraf-CUT<\/strong><\/p>\n","protected":false},"excerpt":{"rendered":"<p>Com audit\u00f3rio completamente tomado por dirigentes e assessores jur\u00eddicos de sindicatos de todo o pa\u00eds, Contraf-CUT d\u00e1 in\u00edcio \u00e0 atividade Com o audit\u00f3rio completamente tomado por dirigentes sindicais e assessores jur\u00eddicos de sindicatos e federa\u00e7\u00f5es de todo o pa\u00eds, a Confedera\u00e7\u00e3o Nacional dos Trabalhadores do Ramo Financeiro (Contraf-CUT) abriu seu 1\u00ba Semin\u00e1rio Jur\u00eddico Nacional com [&hellip;]<\/p>\n","protected":false},"author":2,"featured_media":3108,"comment_status":"","ping_status":"","sticky":false,"template":"","format":"standard","meta":{"footnotes":""},"categories":[3],"tags":[],"class_list":["post-3109","post","type-post","status-publish","format-standard","has-post-thumbnail","hentry","category-noticias"],"_links":{"self":[{"href":"https:\/\/hostnetart.com.br\/baixada\/wp-json\/wp\/v2\/posts\/3109","targetHints":{"allow":["GET"]}}],"collection":[{"href":"https:\/\/hostnetart.com.br\/baixada\/wp-json\/wp\/v2\/posts"}],"about":[{"href":"https:\/\/hostnetart.com.br\/baixada\/wp-json\/wp\/v2\/types\/post"}],"author":[{"embeddable":true,"href":"https:\/\/hostnetart.com.br\/baixada\/wp-json\/wp\/v2\/users\/2"}],"replies":[{"embeddable":true,"href":"https:\/\/hostnetart.com.br\/baixada\/wp-json\/wp\/v2\/comments?post=3109"}],"version-history":[{"count":0,"href":"https:\/\/hostnetart.com.br\/baixada\/wp-json\/wp\/v2\/posts\/3109\/revisions"}],"wp:featuredmedia":[{"embeddable":true,"href":"https:\/\/hostnetart.com.br\/baixada\/wp-json\/wp\/v2\/media\/3108"}],"wp:attachment":[{"href":"https:\/\/hostnetart.com.br\/baixada\/wp-json\/wp\/v2\/media?parent=3109"}],"wp:term":[{"taxonomy":"category","embeddable":true,"href":"https:\/\/hostnetart.com.br\/baixada\/wp-json\/wp\/v2\/categories?post=3109"},{"taxonomy":"post_tag","embeddable":true,"href":"https:\/\/hostnetart.com.br\/baixada\/wp-json\/wp\/v2\/tags?post=3109"}],"curies":[{"name":"wp","href":"https:\/\/api.w.org\/{rel}","templated":true}]}}