{"id":3107,"date":"2017-09-28T13:44:06","date_gmt":"2017-09-28T16:44:06","guid":{"rendered":"https:\/\/hostnetart.com.br\/baixada\/bancos-nao-podem-mais-obrigar-bancarios-a-portar-chave-da-agencia\/"},"modified":"2017-09-28T13:44:06","modified_gmt":"2017-09-28T16:44:06","slug":"bancos-nao-podem-mais-obrigar-bancarios-a-portar-chave-da-agencia","status":"publish","type":"post","link":"https:\/\/hostnetart.com.br\/baixada\/bancos-nao-podem-mais-obrigar-bancarios-a-portar-chave-da-agencia\/","title":{"rendered":"Bancos n\u00e3o podem mais obrigar banc\u00e1rios a portar chave da ag\u00eancia"},"content":{"rendered":"<p>Uma vit\u00f3ria hist\u00f3rica para os banc\u00e1rios foi obtida nesta quarta-feira (27\/9). Por 43 votos a zero a Assembleia Legislativa do Rio de Janeiro (Alerj) derrubou o veto do governador Luiz Fernando Pez\u00e3o ao projeto de lei 184\/2015. Pelo PL \u2013 aprovado em 3 de novembro de 2016, mas vetado 25 dias depois \u2013 os banc\u00e1rios est\u00e3o proibidos de portar a chave do cofre e da ag\u00eancia em que trabalham. A pr\u00e1tica, uma imposi\u00e7\u00e3o dos bancos, fazia com que os banc\u00e1rios e suas fam\u00edlias ficassem sujeitos a sequestros.<br \/>Nas galerias da Alerj, diretores do Sindicato acompanharam a vota\u00e7\u00e3o com faixas e cartazes, fazendo press\u00e3o direta sobre os parlamentares. A norma pro\u00edbe tamb\u00e9m os banc\u00e1rios de portarem numer\u00e1rio, o que deve ser feito por carro-forte de empresa de seguran\u00e7a. Os bancos ter\u00e3o 30 dias a partir da publica\u00e7\u00e3o da nova lei no Di\u00e1rio Oficial, para se adaptar \u00e0s novas exig\u00eancias.<\/p>\n<p><strong><em>Conquista da categoria<\/em><\/strong><br \/>\u201cA aprova\u00e7\u00e3o deste projeto, proposto pelo Sindicato e agora transformado em lei, com a derrubada do veto, \u00e9 uma grande conquista da categoria, e mostra, que al\u00e9m da luta sindical, \u00e9 importante tamb\u00e9m pressionar pela aprova\u00e7\u00e3o de leis no Parlamento\u2019, afirmou a presidenta do Sindicato, Adriana Nalesso, presente em uma das galerias da Alerj. <br \/>A dirigente lembrou que a proibi\u00e7\u00e3o do porte das chaves e do numer\u00e1rio foi uma das quest\u00f5es que nunca obteve avan\u00e7o na Mesa de Negocia\u00e7\u00e3o sobre Seguran\u00e7a com a Fenaban, tendo o Sindicato, por isto mesmo, optado por encaminhar uma proposi\u00e7\u00e3o \u00e0 Alerj. \u201cO objetivo do projeto foi o de preservar a seguran\u00e7a dos banc\u00e1rios e seus familiares. Os bancos, apesar dos alt\u00edssimos lucros, n\u00e3o se preocuparam em resolver este grave problema\u201d, criticou. Para o diretor do Sindicato, Vin\u00edcius Assump\u00e7\u00e3o, mais uma vez ficou demonstrado que quando a categoria luta junto com o Sindicato tem for\u00e7a para garantir grandes vit\u00f3rias. <br \/>Minc comemora vit\u00f3ria <br \/>O deputado Carlos Minc (sem partido), autor do projeto juntamente com Paulo Ramos (PSOL-RJ), comemorou com a diretoria do Sindicato e demais banc\u00e1rios que acompanharam a vota\u00e7\u00e3o. \u201cFoi uma grande vit\u00f3ria da categoria. O Sindicato est\u00e1 de parab\u00e9ns. A Febraban perdeu\u201d, afirmou, referindo-se \u00e0 derrota da Federa\u00e7\u00e3o Brasileira dos Bancos, que n\u00e3o teve \u00eaxito em manter o veto apesar da press\u00e3o intensa que fez sobre os deputados. <br \/>Minc conversou com cada parlamentar da base governista, junto aos quais encontrou eco em suas argumenta\u00e7\u00f5es favor\u00e1veis \u00e0 derrubada do veto. Entre elas, o fato do PL n\u00e3o representar custo para o governo e de que os bancos t\u00eam dinheiro de sobra para investir na cria\u00e7\u00e3o de um sistema de abertura dos cofres e ag\u00eancias \u00e0 dist\u00e2ncia. O \u00faltimo deputado a concordar com Minc \u2013 e s\u00f3 o fez durante a vota\u00e7\u00e3o \u2013 foi o l\u00edder do governo na Alerj, Edson Albertassi (PMDB-RJ). O parlamentar s\u00f3 mudou seu voto, passando a apoiar a derrubada do veto, ao perceber que era o \u00fanico a manter esta posi\u00e7\u00e3o.<\/p>\n","protected":false},"excerpt":{"rendered":"<p>Uma vit\u00f3ria hist\u00f3rica para os banc\u00e1rios foi obtida nesta quarta-feira (27\/9). Por 43 votos a zero a Assembleia Legislativa do Rio de Janeiro (Alerj) derrubou o veto do governador Luiz Fernando Pez\u00e3o ao projeto de lei 184\/2015. Pelo PL \u2013 aprovado em 3 de novembro de 2016, mas vetado 25 dias depois \u2013 os banc\u00e1rios [&hellip;]<\/p>\n","protected":false},"author":2,"featured_media":3106,"comment_status":"","ping_status":"","sticky":false,"template":"","format":"standard","meta":{"footnotes":""},"categories":[3],"tags":[],"class_list":["post-3107","post","type-post","status-publish","format-standard","has-post-thumbnail","hentry","category-noticias"],"_links":{"self":[{"href":"https:\/\/hostnetart.com.br\/baixada\/wp-json\/wp\/v2\/posts\/3107","targetHints":{"allow":["GET"]}}],"collection":[{"href":"https:\/\/hostnetart.com.br\/baixada\/wp-json\/wp\/v2\/posts"}],"about":[{"href":"https:\/\/hostnetart.com.br\/baixada\/wp-json\/wp\/v2\/types\/post"}],"author":[{"embeddable":true,"href":"https:\/\/hostnetart.com.br\/baixada\/wp-json\/wp\/v2\/users\/2"}],"replies":[{"embeddable":true,"href":"https:\/\/hostnetart.com.br\/baixada\/wp-json\/wp\/v2\/comments?post=3107"}],"version-history":[{"count":0,"href":"https:\/\/hostnetart.com.br\/baixada\/wp-json\/wp\/v2\/posts\/3107\/revisions"}],"wp:featuredmedia":[{"embeddable":true,"href":"https:\/\/hostnetart.com.br\/baixada\/wp-json\/wp\/v2\/media\/3106"}],"wp:attachment":[{"href":"https:\/\/hostnetart.com.br\/baixada\/wp-json\/wp\/v2\/media?parent=3107"}],"wp:term":[{"taxonomy":"category","embeddable":true,"href":"https:\/\/hostnetart.com.br\/baixada\/wp-json\/wp\/v2\/categories?post=3107"},{"taxonomy":"post_tag","embeddable":true,"href":"https:\/\/hostnetart.com.br\/baixada\/wp-json\/wp\/v2\/tags?post=3107"}],"curies":[{"name":"wp","href":"https:\/\/api.w.org\/{rel}","templated":true}]}}